{"id":864,"date":"2025-11-26T13:14:31","date_gmt":"2025-11-26T13:14:31","guid":{"rendered":"https:\/\/eventkit.ch\/?p=864"},"modified":"2026-03-03T06:59:43","modified_gmt":"2026-03-03T05:59:43","slug":"swiss-youth-games-lausanne-fr-translation","status":"publish","type":"post","link":"https:\/\/eventkit.ch\/?p=864&lang=fr","title":{"rendered":"F\u00eate f\u00e9d\u00e9rale de gymnastique 2025: 10 jours, 300&#8217;000 visiteurs"},"content":{"rendered":"<div class=\"good-practices is-layout-constrained wp-block-sub-good-practices wp-block-sub-good-practices-is-layout-constrained\">\n    \n<div class=\"wp-bootstrap-blocks-row row gp-header\">\n\t\n<div class=\"col-12 col-md-7 gp-header-image\">\n\t\t\t\n<figure class=\"wp-block-post-featured-image\"><img loading=\"lazy\" decoding=\"async\" width=\"1536\" height=\"1024\" src=\"https:\/\/eventkit.ch\/wp-content\/uploads\/2025\/11\/IMG_9303-copie-1536x1024-1.webp\" class=\"attachment-post-thumbnail size-post-thumbnail wp-post-image\" alt=\"\" style=\"object-fit:cover;\" srcset=\"https:\/\/eventkit.ch\/wp-content\/uploads\/2025\/11\/IMG_9303-copie-1536x1024-1.webp 1536w, https:\/\/eventkit.ch\/wp-content\/uploads\/2025\/11\/IMG_9303-copie-1536x1024-1-300x200.webp 300w, https:\/\/eventkit.ch\/wp-content\/uploads\/2025\/11\/IMG_9303-copie-1536x1024-1-1024x683.webp 1024w, https:\/\/eventkit.ch\/wp-content\/uploads\/2025\/11\/IMG_9303-copie-1536x1024-1-768x512.webp 768w\" sizes=\"auto, (max-width: 1536px) 100vw, 1536px\" \/><figcaption class=\"wp-element-caption\">\u00a9 sport-up<\/figcaption><\/figure>\n\t<\/div>\n\n<div class=\"col-12 col-md-5 gp-header-content\">\n\t\t\t\n<h1 class=\"wp-block-post-title\">F\u00eate f\u00e9d\u00e9rale de gymnastique 2025: 10 jours, 300&#8217;000 visiteurs<\/h1>\n\n<div class=\"wp-block-buttons is-layout-flex wp-block-buttons-is-layout-flex\"><\/div>\n\t<\/div>\n<\/div>\n\n<p>En pla\u00e7ant la durabilit\u00e9 au m\u00eame niveau que les finances dans sa gouvernance, Lausanne 2025 a d\u00e9montr\u00e9 qu\u2019un grand rendez-vous populaire pouvait conjuguer rigueur, engagement environnemental, social et rayonnement tout en atteignant l\u2019\u00e9quilibre financier.<\/p>\n\n<h2 class=\"wp-block-heading\">R\u00e9sultat<\/h2>\n\n<ul class=\"wp-block-list\"><li>Les trajets des gymnastes ont \u00e9t\u00e9 assur\u00e9s \u00e0 98 % par des solutions alternatives \u00e0 la voiture individuelle.<\/li>\n\n<li>La production de d\u00e9chets a \u00e9t\u00e9 r\u00e9duite de moiti\u00e9 par rapport \u00e0 l\u2019\u00e9dition pr\u00e9c\u00e9dente.<\/li>\n\n<li>L\u2019offre de restauration a propos\u00e9 quotidiennement de nombreuses options culinaires avec une empreinte carbone r\u00e9duite au minimum et a g\u00e9n\u00e9ralis\u00e9 la vaisselle consign\u00e9e.<\/li>\n\n<li>Le merchandising s\u2019est aussi distingu\u00e9 avec 97 % d\u2019articles fabriqu\u00e9s en Europe.<\/li>\n\n<li>Par ailleurs, la plateforme de revente du mat\u00e9riel a g\u00e9n\u00e9r\u00e9 plus d\u2019un demi-million de francs, prolongeant la vie de plus de 10&#8217;000 \u00e9quipements.<\/li><\/ul>\n<\/div><p>Plus d\u2019informations\u00a0: <a href=\"https:\/\/eventkit.ch\/wp-content\/uploads\/2026\/03\/Lausanne2025_rapport-durabilite.pdf\" type=\"link\" id=\"https:\/\/eventkit.ch\/wp-content\/uploads\/2026\/03\/Lausanne2025_rapport-durabilite.pdf\">rapport de durabilit\u00e9.<\/a><\/p>","protected":false},"excerpt":{"rendered":"<p>La durabilit\u00e9 a fait partie int\u00e9grante de la F\u00eate f\u00e9d\u00e9rale de gymnastique Lausanne 2025. Les aspects sociaux, \u00e9cologiques et \u00e9conomiques ont \u00e9t\u00e9 pris en compte dans tous les aspects de la planification et dans tous les domaines de la mise en \u0153uvre de la manifestation.<\/p>\n","protected":false},"author":1,"featured_media":1149,"comment_status":"open","ping_status":"open","sticky":false,"template":"","format":"standard","meta":{"_sitemap_exclude":false,"_sitemap_priority":"","_sitemap_frequency":"","_eventkit_result":"","_eventkit_link":"","footnotes":""},"categories":[51,41,21,47],"tags":[],"content_type":[62],"class_list":["post-864","post","type-post","status-publish","format-standard","has-post-thumbnail","hentry","category-circulation-et-transports","category-energie-et-infrastructures","category-epiceries","category-materiaux-et-dechets","content_type-bonnes-pratiques"],"yoast_head":"<!-- This site is optimized with the Yoast SEO plugin v27.3 - https:\/\/yoast.com\/product\/yoast-seo-wordpress\/ -->\n<title>F\u00eate f\u00e9d\u00e9rale de gymnastique 2025: 10 jours, 300&#039;000 visiteurs - EventKit<\/title>\n<meta name=\"robots\" content=\"index, follow, max-snippet:-1, max-image-preview:large, max-video-preview:-1\" \/>\n<link rel=\"canonical\" href=\"https:\/\/eventkit.ch\/?p=864&lang=fr\" \/>\n<meta property=\"og:locale\" content=\"de_DE\" \/>\n<meta property=\"og:type\" content=\"article\" \/>\n<meta property=\"og:title\" content=\"F\u00eate f\u00e9d\u00e9rale de gymnastique 2025: 10 jours, 300&#039;000 visiteurs - EventKit\" \/>\n<meta property=\"og:description\" content=\"La durabilit\u00e9 a fait partie int\u00e9grante de la F\u00eate f\u00e9d\u00e9rale de gymnastique Lausanne 2025. Les aspects sociaux, \u00e9cologiques et \u00e9conomiques ont \u00e9t\u00e9 pris en compte dans tous les aspects de la planification et dans tous les domaines de la mise en \u0153uvre de la manifestation.\" \/>\n<meta property=\"og:url\" content=\"https:\/\/eventkit.ch\/?p=864&amp;lang=fr\" \/>\n<meta property=\"og:site_name\" content=\"EventKit\" \/>\n<meta property=\"article:published_time\" content=\"2025-11-26T13:14:31+00:00\" \/>\n<meta property=\"article:modified_time\" content=\"2026-03-03T05:59:43+00:00\" \/>\n<meta property=\"og:image\" content=\"https:\/\/eventkit.ch\/wp-content\/uploads\/2025\/11\/IMG_9303-copie-1536x1024-1.webp\" \/>\n\t<meta property=\"og:image:width\" content=\"1536\" \/>\n\t<meta property=\"og:image:height\" content=\"1024\" \/>\n\t<meta property=\"og:image:type\" content=\"image\/webp\" \/>\n<meta name=\"author\" content=\"admin\" \/>\n<meta name=\"twitter:card\" content=\"summary_large_image\" \/>\n<meta name=\"twitter:label1\" content=\"Verfasst von\" \/>\n\t<meta name=\"twitter:data1\" content=\"admin\" \/>\n\t<meta name=\"twitter:label2\" content=\"Gesch\u00e4tzte Lesezeit\" \/>\n\t<meta name=\"twitter:data2\" content=\"1\u00a0Minute\" \/>\n<script type=\"application\/ld+json\" class=\"yoast-schema-graph\">{\"@context\":\"https:\\\/\\\/schema.org\",\"@graph\":[{\"@type\":\"Article\",\"@id\":\"https:\\\/\\\/eventkit.ch\\\/?p=864&lang=fr#article\",\"isPartOf\":{\"@id\":\"https:\\\/\\\/eventkit.ch\\\/?p=864&lang=fr\"},\"author\":{\"name\":\"admin\",\"@id\":\"https:\\\/\\\/eventkit.ch\\\/#\\\/schema\\\/person\\\/253054d6aebf5953b7d44d55f6fa23a6\"},\"headline\":\"F\u00eate f\u00e9d\u00e9rale de gymnastique 2025: 10 jours, 300&#8217;000 visiteurs\",\"datePublished\":\"2025-11-26T13:14:31+00:00\",\"dateModified\":\"2026-03-03T05:59:43+00:00\",\"mainEntityOfPage\":{\"@id\":\"https:\\\/\\\/eventkit.ch\\\/?p=864&lang=fr\"},\"wordCount\":155,\"commentCount\":0,\"publisher\":{\"@id\":\"https:\\\/\\\/eventkit.ch\\\/#organization\"},\"image\":{\"@id\":\"https:\\\/\\\/eventkit.ch\\\/?p=864&lang=fr#primaryimage\"},\"thumbnailUrl\":\"https:\\\/\\\/eventkit.ch\\\/wp-content\\\/uploads\\\/2025\\\/11\\\/IMG_9303-copie-1536x1024-1.webp\",\"articleSection\":[\"Circulation et transports\",\"\u00c9nergie et infrastructures\",\"\u00c9piceries\",\"Mat\u00e9riaux et d\u00e9chets\"],\"inLanguage\":\"de\",\"potentialAction\":[{\"@type\":\"CommentAction\",\"name\":\"Comment\",\"target\":[\"https:\\\/\\\/eventkit.ch\\\/?p=864&lang=fr#respond\"]}]},{\"@type\":\"WebPage\",\"@id\":\"https:\\\/\\\/eventkit.ch\\\/?p=864&lang=fr\",\"url\":\"https:\\\/\\\/eventkit.ch\\\/?p=864&lang=fr\",\"name\":\"F\u00eate f\u00e9d\u00e9rale de gymnastique 2025: 10 jours, 300'000 visiteurs - EventKit\",\"isPartOf\":{\"@id\":\"https:\\\/\\\/eventkit.ch\\\/#website\"},\"primaryImageOfPage\":{\"@id\":\"https:\\\/\\\/eventkit.ch\\\/?p=864&lang=fr#primaryimage\"},\"image\":{\"@id\":\"https:\\\/\\\/eventkit.ch\\\/?p=864&lang=fr#primaryimage\"},\"thumbnailUrl\":\"https:\\\/\\\/eventkit.ch\\\/wp-content\\\/uploads\\\/2025\\\/11\\\/IMG_9303-copie-1536x1024-1.webp\",\"datePublished\":\"2025-11-26T13:14:31+00:00\",\"dateModified\":\"2026-03-03T05:59:43+00:00\",\"breadcrumb\":{\"@id\":\"https:\\\/\\\/eventkit.ch\\\/?p=864&lang=fr#breadcrumb\"},\"inLanguage\":\"de\",\"potentialAction\":[{\"@type\":\"ReadAction\",\"target\":[\"https:\\\/\\\/eventkit.ch\\\/?p=864&lang=fr\"]}]},{\"@type\":\"ImageObject\",\"inLanguage\":\"de\",\"@id\":\"https:\\\/\\\/eventkit.ch\\\/?p=864&lang=fr#primaryimage\",\"url\":\"https:\\\/\\\/eventkit.ch\\\/wp-content\\\/uploads\\\/2025\\\/11\\\/IMG_9303-copie-1536x1024-1.webp\",\"contentUrl\":\"https:\\\/\\\/eventkit.ch\\\/wp-content\\\/uploads\\\/2025\\\/11\\\/IMG_9303-copie-1536x1024-1.webp\",\"width\":1536,\"height\":1024,\"caption\":\"\u00a9 sport-up\"},{\"@type\":\"BreadcrumbList\",\"@id\":\"https:\\\/\\\/eventkit.ch\\\/?p=864&lang=fr#breadcrumb\",\"itemListElement\":[{\"@type\":\"ListItem\",\"position\":1,\"name\":\"Home\",\"item\":\"https:\\\/\\\/eventkit.ch\\\/\"},{\"@type\":\"ListItem\",\"position\":2,\"name\":\"F\u00eate f\u00e9d\u00e9rale de gymnastique 2025: 10 jours, 300&#8217;000 visiteurs\"}]},{\"@type\":\"WebSite\",\"@id\":\"https:\\\/\\\/eventkit.ch\\\/#website\",\"url\":\"https:\\\/\\\/eventkit.ch\\\/\",\"name\":\"EventKit\",\"description\":\"Nachhaltigkeit, die wirkt: Dein Event im Check.\",\"publisher\":{\"@id\":\"https:\\\/\\\/eventkit.ch\\\/#organization\"},\"potentialAction\":[{\"@type\":\"SearchAction\",\"target\":{\"@type\":\"EntryPoint\",\"urlTemplate\":\"https:\\\/\\\/eventkit.ch\\\/?s={search_term_string}\"},\"query-input\":{\"@type\":\"PropertyValueSpecification\",\"valueRequired\":true,\"valueName\":\"search_term_string\"}}],\"inLanguage\":\"de\"},{\"@type\":\"Organization\",\"@id\":\"https:\\\/\\\/eventkit.ch\\\/#organization\",\"name\":\"EventKit\",\"url\":\"https:\\\/\\\/eventkit.ch\\\/\",\"logo\":{\"@type\":\"ImageObject\",\"inLanguage\":\"de\",\"@id\":\"https:\\\/\\\/eventkit.ch\\\/#\\\/schema\\\/logo\\\/image\\\/\",\"url\":\"https:\\\/\\\/eventkit.ch\\\/wp-content\\\/uploads\\\/2025\\\/11\\\/android-icon-144x144-1.png\",\"contentUrl\":\"https:\\\/\\\/eventkit.ch\\\/wp-content\\\/uploads\\\/2025\\\/11\\\/android-icon-144x144-1.png\",\"width\":144,\"height\":144,\"caption\":\"EventKit\"},\"image\":{\"@id\":\"https:\\\/\\\/eventkit.ch\\\/#\\\/schema\\\/logo\\\/image\\\/\"}},{\"@type\":\"Person\",\"@id\":\"https:\\\/\\\/eventkit.ch\\\/#\\\/schema\\\/person\\\/253054d6aebf5953b7d44d55f6fa23a6\",\"name\":\"admin\",\"image\":{\"@type\":\"ImageObject\",\"inLanguage\":\"de\",\"@id\":\"https:\\\/\\\/secure.gravatar.com\\\/avatar\\\/b16af3d4c53a3c45bcd7caa3507cfd5911c755f5d1702a589b27b7fa80bb4a64?s=96&d=mm&r=g\",\"url\":\"https:\\\/\\\/secure.gravatar.com\\\/avatar\\\/b16af3d4c53a3c45bcd7caa3507cfd5911c755f5d1702a589b27b7fa80bb4a64?s=96&d=mm&r=g\",\"contentUrl\":\"https:\\\/\\\/secure.gravatar.com\\\/avatar\\\/b16af3d4c53a3c45bcd7caa3507cfd5911c755f5d1702a589b27b7fa80bb4a64?s=96&d=mm&r=g\",\"caption\":\"admin\"},\"sameAs\":[\"https:\\\/\\\/eventkit.ch\"],\"url\":\"https:\\\/\\\/eventkit.ch\\\/?author=1\"}]}<\/script>\n<!-- \/ Yoast SEO plugin. -->","yoast_head_json":{"title":"F\u00eate f\u00e9d\u00e9rale de gymnastique 2025: 10 jours, 300'000 visiteurs - EventKit","robots":{"index":"index","follow":"follow","max-snippet":"max-snippet:-1","max-image-preview":"max-image-preview:large","max-video-preview":"max-video-preview:-1"},"canonical":"https:\/\/eventkit.ch\/?p=864&lang=fr","og_locale":"de_DE","og_type":"article","og_title":"F\u00eate f\u00e9d\u00e9rale de gymnastique 2025: 10 jours, 300'000 visiteurs - EventKit","og_description":"La durabilit\u00e9 a fait partie int\u00e9grante de la F\u00eate f\u00e9d\u00e9rale de gymnastique Lausanne 2025. Les aspects sociaux, \u00e9cologiques et \u00e9conomiques ont \u00e9t\u00e9 pris en compte dans tous les aspects de la planification et dans tous les domaines de la mise en \u0153uvre de la manifestation.","og_url":"https:\/\/eventkit.ch\/?p=864&lang=fr","og_site_name":"EventKit","article_published_time":"2025-11-26T13:14:31+00:00","article_modified_time":"2026-03-03T05:59:43+00:00","og_image":[{"width":1536,"height":1024,"url":"https:\/\/eventkit.ch\/wp-content\/uploads\/2025\/11\/IMG_9303-copie-1536x1024-1.webp","type":"image\/webp"}],"author":"admin","twitter_card":"summary_large_image","twitter_misc":{"Verfasst von":"admin","Gesch\u00e4tzte Lesezeit":"1\u00a0Minute"},"schema":{"@context":"https:\/\/schema.org","@graph":[{"@type":"Article","@id":"https:\/\/eventkit.ch\/?p=864&lang=fr#article","isPartOf":{"@id":"https:\/\/eventkit.ch\/?p=864&lang=fr"},"author":{"name":"admin","@id":"https:\/\/eventkit.ch\/#\/schema\/person\/253054d6aebf5953b7d44d55f6fa23a6"},"headline":"F\u00eate f\u00e9d\u00e9rale de gymnastique 2025: 10 jours, 300&#8217;000 visiteurs","datePublished":"2025-11-26T13:14:31+00:00","dateModified":"2026-03-03T05:59:43+00:00","mainEntityOfPage":{"@id":"https:\/\/eventkit.ch\/?p=864&lang=fr"},"wordCount":155,"commentCount":0,"publisher":{"@id":"https:\/\/eventkit.ch\/#organization"},"image":{"@id":"https:\/\/eventkit.ch\/?p=864&lang=fr#primaryimage"},"thumbnailUrl":"https:\/\/eventkit.ch\/wp-content\/uploads\/2025\/11\/IMG_9303-copie-1536x1024-1.webp","articleSection":["Circulation et transports","\u00c9nergie et infrastructures","\u00c9piceries","Mat\u00e9riaux et d\u00e9chets"],"inLanguage":"de","potentialAction":[{"@type":"CommentAction","name":"Comment","target":["https:\/\/eventkit.ch\/?p=864&lang=fr#respond"]}]},{"@type":"WebPage","@id":"https:\/\/eventkit.ch\/?p=864&lang=fr","url":"https:\/\/eventkit.ch\/?p=864&lang=fr","name":"F\u00eate f\u00e9d\u00e9rale de gymnastique 2025: 10 jours, 300'000 visiteurs - EventKit","isPartOf":{"@id":"https:\/\/eventkit.ch\/#website"},"primaryImageOfPage":{"@id":"https:\/\/eventkit.ch\/?p=864&lang=fr#primaryimage"},"image":{"@id":"https:\/\/eventkit.ch\/?p=864&lang=fr#primaryimage"},"thumbnailUrl":"https:\/\/eventkit.ch\/wp-content\/uploads\/2025\/11\/IMG_9303-copie-1536x1024-1.webp","datePublished":"2025-11-26T13:14:31+00:00","dateModified":"2026-03-03T05:59:43+00:00","breadcrumb":{"@id":"https:\/\/eventkit.ch\/?p=864&lang=fr#breadcrumb"},"inLanguage":"de","potentialAction":[{"@type":"ReadAction","target":["https:\/\/eventkit.ch\/?p=864&lang=fr"]}]},{"@type":"ImageObject","inLanguage":"de","@id":"https:\/\/eventkit.ch\/?p=864&lang=fr#primaryimage","url":"https:\/\/eventkit.ch\/wp-content\/uploads\/2025\/11\/IMG_9303-copie-1536x1024-1.webp","contentUrl":"https:\/\/eventkit.ch\/wp-content\/uploads\/2025\/11\/IMG_9303-copie-1536x1024-1.webp","width":1536,"height":1024,"caption":"\u00a9 sport-up"},{"@type":"BreadcrumbList","@id":"https:\/\/eventkit.ch\/?p=864&lang=fr#breadcrumb","itemListElement":[{"@type":"ListItem","position":1,"name":"Home","item":"https:\/\/eventkit.ch\/"},{"@type":"ListItem","position":2,"name":"F\u00eate f\u00e9d\u00e9rale de gymnastique 2025: 10 jours, 300&#8217;000 visiteurs"}]},{"@type":"WebSite","@id":"https:\/\/eventkit.ch\/#website","url":"https:\/\/eventkit.ch\/","name":"EventKit","description":"Nachhaltigkeit, die wirkt: Dein Event im Check.","publisher":{"@id":"https:\/\/eventkit.ch\/#organization"},"potentialAction":[{"@type":"SearchAction","target":{"@type":"EntryPoint","urlTemplate":"https:\/\/eventkit.ch\/?s={search_term_string}"},"query-input":{"@type":"PropertyValueSpecification","valueRequired":true,"valueName":"search_term_string"}}],"inLanguage":"de"},{"@type":"Organization","@id":"https:\/\/eventkit.ch\/#organization","name":"EventKit","url":"https:\/\/eventkit.ch\/","logo":{"@type":"ImageObject","inLanguage":"de","@id":"https:\/\/eventkit.ch\/#\/schema\/logo\/image\/","url":"https:\/\/eventkit.ch\/wp-content\/uploads\/2025\/11\/android-icon-144x144-1.png","contentUrl":"https:\/\/eventkit.ch\/wp-content\/uploads\/2025\/11\/android-icon-144x144-1.png","width":144,"height":144,"caption":"EventKit"},"image":{"@id":"https:\/\/eventkit.ch\/#\/schema\/logo\/image\/"}},{"@type":"Person","@id":"https:\/\/eventkit.ch\/#\/schema\/person\/253054d6aebf5953b7d44d55f6fa23a6","name":"admin","image":{"@type":"ImageObject","inLanguage":"de","@id":"https:\/\/secure.gravatar.com\/avatar\/b16af3d4c53a3c45bcd7caa3507cfd5911c755f5d1702a589b27b7fa80bb4a64?s=96&d=mm&r=g","url":"https:\/\/secure.gravatar.com\/avatar\/b16af3d4c53a3c45bcd7caa3507cfd5911c755f5d1702a589b27b7fa80bb4a64?s=96&d=mm&r=g","contentUrl":"https:\/\/secure.gravatar.com\/avatar\/b16af3d4c53a3c45bcd7caa3507cfd5911c755f5d1702a589b27b7fa80bb4a64?s=96&d=mm&r=g","caption":"admin"},"sameAs":["https:\/\/eventkit.ch"],"url":"https:\/\/eventkit.ch\/?author=1"}]}},"_links":{"self":[{"href":"https:\/\/eventkit.ch\/index.php?rest_route=\/wp\/v2\/posts\/864","targetHints":{"allow":["GET"]}}],"collection":[{"href":"https:\/\/eventkit.ch\/index.php?rest_route=\/wp\/v2\/posts"}],"about":[{"href":"https:\/\/eventkit.ch\/index.php?rest_route=\/wp\/v2\/types\/post"}],"author":[{"embeddable":true,"href":"https:\/\/eventkit.ch\/index.php?rest_route=\/wp\/v2\/users\/1"}],"replies":[{"embeddable":true,"href":"https:\/\/eventkit.ch\/index.php?rest_route=%2Fwp%2Fv2%2Fcomments&post=864"}],"version-history":[{"count":10,"href":"https:\/\/eventkit.ch\/index.php?rest_route=\/wp\/v2\/posts\/864\/revisions"}],"predecessor-version":[{"id":3663,"href":"https:\/\/eventkit.ch\/index.php?rest_route=\/wp\/v2\/posts\/864\/revisions\/3663"}],"wp:featuredmedia":[{"embeddable":true,"href":"https:\/\/eventkit.ch\/index.php?rest_route=\/wp\/v2\/media\/1149"}],"wp:attachment":[{"href":"https:\/\/eventkit.ch\/index.php?rest_route=%2Fwp%2Fv2%2Fmedia&parent=864"}],"wp:term":[{"taxonomy":"category","embeddable":true,"href":"https:\/\/eventkit.ch\/index.php?rest_route=%2Fwp%2Fv2%2Fcategories&post=864"},{"taxonomy":"post_tag","embeddable":true,"href":"https:\/\/eventkit.ch\/index.php?rest_route=%2Fwp%2Fv2%2Ftags&post=864"},{"taxonomy":"content_type","embeddable":true,"href":"https:\/\/eventkit.ch\/index.php?rest_route=%2Fwp%2Fv2%2Fcontent_type&post=864"}],"curies":[{"name":"wp","href":"https:\/\/api.w.org\/{rel}","templated":true}]}}