{"id":862,"date":"2025-11-26T13:24:17","date_gmt":"2025-11-26T13:24:17","guid":{"rendered":"https:\/\/eventkit.ch\/?p=862"},"modified":"2026-02-04T10:34:41","modified_gmt":"2026-02-04T09:34:41","slug":"kulturfest-basel-fr-translation","status":"publish","type":"post","link":"https:\/\/eventkit.ch\/?p=862&lang=fr","title":{"rendered":"EURO f\u00e9minin 2025 \u2013 De nouvelles normes"},"content":{"rendered":"<div class=\"good-practices is-layout-constrained wp-block-sub-good-practices wp-block-sub-good-practices-is-layout-constrained\">\n    \n<div class=\"wp-bootstrap-blocks-row row gp-header\">\n\t\n<div class=\"col-12 col-md-7 gp-header-image\">\n\t\t\t\n<figure class=\"wp-block-post-featured-image\"><img loading=\"lazy\" decoding=\"async\" width=\"940\" height=\"628\" src=\"https:\/\/eventkit.ch\/wp-content\/uploads\/2025\/11\/Switzerland-v-Netherlands-Group-C-UEFA-Womens-e1764750747328.webp\" class=\"attachment-post-thumbnail size-post-thumbnail wp-post-image\" alt=\"\" style=\"object-fit:cover;\" srcset=\"https:\/\/eventkit.ch\/wp-content\/uploads\/2025\/11\/Switzerland-v-Netherlands-Group-C-UEFA-Womens-e1764750747328.webp 940w, https:\/\/eventkit.ch\/wp-content\/uploads\/2025\/11\/Switzerland-v-Netherlands-Group-C-UEFA-Womens-e1764750747328-300x200.webp 300w, https:\/\/eventkit.ch\/wp-content\/uploads\/2025\/11\/Switzerland-v-Netherlands-Group-C-UEFA-Womens-e1764750747328-768x513.webp 768w\" sizes=\"auto, (max-width: 940px) 100vw, 940px\" \/><figcaption class=\"wp-element-caption\">\u00a9 UEFA Switzerland v Netherlands Group C<\/figcaption><\/figure>\n\t<\/div>\n\n<div class=\"col-12 col-md-5 gp-header-content\">\n\t\t\t\n<h1 class=\"wp-block-post-title\">EURO f\u00e9minin 2025 \u2013 De nouvelles normes<\/h1>\n\n<div class=\"wp-block-buttons is-layout-flex wp-block-buttons-is-layout-flex\"><\/div>\n\t<\/div>\n<\/div>\n\n<p>Pour la phase finale du Championnat d\u2019Europe f\u00e9minin 2025, l\u2019UEFA a mis en \u0153uvre 34 mesures visant \u00e0 r\u00e9duire l\u2019empreinte carbone dans les domaines de la protection du climat, des infrastructures durables et de l\u2019\u00e9conomie circulaire. Celles-ci ont contribu\u00e9 de mani\u00e8re significative \u00e0 r\u00e9duire l\u2019impact du tournoi sur l\u2019environnement.<\/p>\n\n<h2 class=\"wp-block-heading\">R\u00e9sultat<\/h2>\n\n<p>R\u00e9duction significative et mesurable de l&#8217;impact environnemental. <a href=\"https:\/\/fr.uefa.com\/news-media\/news\/029f-1f1f461bd52f-4f6425f697ed-1000\/\" target=\"_blank\" rel=\"noreferrer noopener\">Plus de durabilit\u00e9 et l&#8217;UEFA Women&#8217;s EURO 2025<\/a><\/p>\n\n\n<\/div>","protected":false},"excerpt":{"rendered":"<p>Pour la phase finale du Championnat d\u2019Europe f\u00e9minin 2025, l\u2019UEFA a mis en \u0153uvre 34 mesures visant \u00e0 r\u00e9duire l\u2019empreinte carbone dans les domaines de la protection du climat, des infrastructures durables et de l\u2019\u00e9conomie circulaire. Celles-ci ont contribu\u00e9 de mani\u00e8re significative \u00e0 r\u00e9duire l\u2019impact du tournoi sur l\u2019environnement.<\/p>\n","protected":false},"author":1,"featured_media":1140,"comment_status":"open","ping_status":"open","sticky":false,"template":"","format":"standard","meta":{"_sitemap_exclude":false,"_sitemap_priority":"","_sitemap_frequency":"","_eventkit_result":"","_eventkit_link":"https:\/\/fr.uefa.com\/news-media\/news\/029f-1f1f461bd52f-4f6425f697ed-1000\/","footnotes":""},"categories":[39,53,45,49,43],"tags":[],"content_type":[62],"class_list":["post-862","post","type-post","status-publish","format-standard","has-post-thumbnail","hentry","category-accessibilite-et-enjeux-sociaux","category-entreprise","category-gestion-et-communication","category-nature-et-paysage","category-sante-et-prevention","content_type-bonnes-pratiques"],"yoast_head":"<!-- This site is optimized with the Yoast SEO plugin v27.3 - https:\/\/yoast.com\/product\/yoast-seo-wordpress\/ -->\n<title>EURO f\u00e9minin 2025 \u2013 De nouvelles normes - EventKit<\/title>\n<meta name=\"robots\" content=\"index, follow, max-snippet:-1, max-image-preview:large, max-video-preview:-1\" \/>\n<link rel=\"canonical\" href=\"https:\/\/eventkit.ch\/?p=862&lang=fr\" \/>\n<meta property=\"og:locale\" content=\"de_DE\" \/>\n<meta property=\"og:type\" content=\"article\" \/>\n<meta property=\"og:title\" content=\"EURO f\u00e9minin 2025 \u2013 De nouvelles normes - EventKit\" \/>\n<meta property=\"og:description\" content=\"Pour la phase finale du Championnat d\u2019Europe f\u00e9minin 2025, l\u2019UEFA a mis en \u0153uvre 34 mesures visant \u00e0 r\u00e9duire l\u2019empreinte carbone dans les domaines de la protection du climat, des infrastructures durables et de l\u2019\u00e9conomie circulaire. Celles-ci ont contribu\u00e9 de mani\u00e8re significative \u00e0 r\u00e9duire l\u2019impact du tournoi sur l\u2019environnement.\" \/>\n<meta property=\"og:url\" content=\"https:\/\/eventkit.ch\/?p=862&amp;lang=fr\" \/>\n<meta property=\"og:site_name\" content=\"EventKit\" \/>\n<meta property=\"article:published_time\" content=\"2025-11-26T13:24:17+00:00\" \/>\n<meta property=\"article:modified_time\" content=\"2026-02-04T09:34:41+00:00\" \/>\n<meta property=\"og:image\" content=\"https:\/\/eventkit.ch\/wp-content\/uploads\/2025\/11\/Switzerland-v-Netherlands-Group-C-UEFA-Womens-e1764750747328.webp\" \/>\n\t<meta property=\"og:image:width\" content=\"940\" \/>\n\t<meta property=\"og:image:height\" content=\"628\" \/>\n\t<meta property=\"og:image:type\" content=\"image\/webp\" \/>\n<meta name=\"author\" content=\"admin\" \/>\n<meta name=\"twitter:card\" content=\"summary_large_image\" \/>\n<meta name=\"twitter:label1\" content=\"Verfasst von\" \/>\n\t<meta name=\"twitter:data1\" content=\"admin\" \/>\n\t<meta name=\"twitter:label2\" content=\"Gesch\u00e4tzte Lesezeit\" \/>\n\t<meta name=\"twitter:data2\" content=\"1\u00a0Minute\" \/>\n<script type=\"application\/ld+json\" class=\"yoast-schema-graph\">{\"@context\":\"https:\\\/\\\/schema.org\",\"@graph\":[{\"@type\":\"Article\",\"@id\":\"https:\\\/\\\/eventkit.ch\\\/?p=862&lang=fr#article\",\"isPartOf\":{\"@id\":\"https:\\\/\\\/eventkit.ch\\\/?p=862&lang=fr\"},\"author\":{\"name\":\"admin\",\"@id\":\"https:\\\/\\\/eventkit.ch\\\/#\\\/schema\\\/person\\\/253054d6aebf5953b7d44d55f6fa23a6\"},\"headline\":\"EURO f\u00e9minin 2025 \u2013 De nouvelles normes\",\"datePublished\":\"2025-11-26T13:24:17+00:00\",\"dateModified\":\"2026-02-04T09:34:41+00:00\",\"mainEntityOfPage\":{\"@id\":\"https:\\\/\\\/eventkit.ch\\\/?p=862&lang=fr\"},\"wordCount\":81,\"commentCount\":0,\"publisher\":{\"@id\":\"https:\\\/\\\/eventkit.ch\\\/#organization\"},\"image\":{\"@id\":\"https:\\\/\\\/eventkit.ch\\\/?p=862&lang=fr#primaryimage\"},\"thumbnailUrl\":\"https:\\\/\\\/eventkit.ch\\\/wp-content\\\/uploads\\\/2025\\\/11\\\/Switzerland-v-Netherlands-Group-C-UEFA-Womens-e1764750747328.webp\",\"articleSection\":[\"Accessibilit\u00e9 et enjeux sociaux\",\"Entreprise\",\"Gestion et communication\",\"Nature et paysage\",\"Sant\u00e9 et pr\u00e9vention\"],\"inLanguage\":\"de\",\"potentialAction\":[{\"@type\":\"CommentAction\",\"name\":\"Comment\",\"target\":[\"https:\\\/\\\/eventkit.ch\\\/?p=862&lang=fr#respond\"]}]},{\"@type\":\"WebPage\",\"@id\":\"https:\\\/\\\/eventkit.ch\\\/?p=862&lang=fr\",\"url\":\"https:\\\/\\\/eventkit.ch\\\/?p=862&lang=fr\",\"name\":\"EURO f\u00e9minin 2025 \u2013 De nouvelles normes - EventKit\",\"isPartOf\":{\"@id\":\"https:\\\/\\\/eventkit.ch\\\/#website\"},\"primaryImageOfPage\":{\"@id\":\"https:\\\/\\\/eventkit.ch\\\/?p=862&lang=fr#primaryimage\"},\"image\":{\"@id\":\"https:\\\/\\\/eventkit.ch\\\/?p=862&lang=fr#primaryimage\"},\"thumbnailUrl\":\"https:\\\/\\\/eventkit.ch\\\/wp-content\\\/uploads\\\/2025\\\/11\\\/Switzerland-v-Netherlands-Group-C-UEFA-Womens-e1764750747328.webp\",\"datePublished\":\"2025-11-26T13:24:17+00:00\",\"dateModified\":\"2026-02-04T09:34:41+00:00\",\"breadcrumb\":{\"@id\":\"https:\\\/\\\/eventkit.ch\\\/?p=862&lang=fr#breadcrumb\"},\"inLanguage\":\"de\",\"potentialAction\":[{\"@type\":\"ReadAction\",\"target\":[\"https:\\\/\\\/eventkit.ch\\\/?p=862&lang=fr\"]}]},{\"@type\":\"ImageObject\",\"inLanguage\":\"de\",\"@id\":\"https:\\\/\\\/eventkit.ch\\\/?p=862&lang=fr#primaryimage\",\"url\":\"https:\\\/\\\/eventkit.ch\\\/wp-content\\\/uploads\\\/2025\\\/11\\\/Switzerland-v-Netherlands-Group-C-UEFA-Womens-e1764750747328.webp\",\"contentUrl\":\"https:\\\/\\\/eventkit.ch\\\/wp-content\\\/uploads\\\/2025\\\/11\\\/Switzerland-v-Netherlands-Group-C-UEFA-Womens-e1764750747328.webp\",\"width\":940,\"height\":628,\"caption\":\"\u00a9 UEFA Switzerland v Netherlands Group C\"},{\"@type\":\"BreadcrumbList\",\"@id\":\"https:\\\/\\\/eventkit.ch\\\/?p=862&lang=fr#breadcrumb\",\"itemListElement\":[{\"@type\":\"ListItem\",\"position\":1,\"name\":\"Home\",\"item\":\"https:\\\/\\\/eventkit.ch\\\/\"},{\"@type\":\"ListItem\",\"position\":2,\"name\":\"EURO f\u00e9minin 2025 \u2013 De nouvelles normes\"}]},{\"@type\":\"WebSite\",\"@id\":\"https:\\\/\\\/eventkit.ch\\\/#website\",\"url\":\"https:\\\/\\\/eventkit.ch\\\/\",\"name\":\"EventKit\",\"description\":\"Nachhaltigkeit, die wirkt: Dein Event im Check.\",\"publisher\":{\"@id\":\"https:\\\/\\\/eventkit.ch\\\/#organization\"},\"potentialAction\":[{\"@type\":\"SearchAction\",\"target\":{\"@type\":\"EntryPoint\",\"urlTemplate\":\"https:\\\/\\\/eventkit.ch\\\/?s={search_term_string}\"},\"query-input\":{\"@type\":\"PropertyValueSpecification\",\"valueRequired\":true,\"valueName\":\"search_term_string\"}}],\"inLanguage\":\"de\"},{\"@type\":\"Organization\",\"@id\":\"https:\\\/\\\/eventkit.ch\\\/#organization\",\"name\":\"EventKit\",\"url\":\"https:\\\/\\\/eventkit.ch\\\/\",\"logo\":{\"@type\":\"ImageObject\",\"inLanguage\":\"de\",\"@id\":\"https:\\\/\\\/eventkit.ch\\\/#\\\/schema\\\/logo\\\/image\\\/\",\"url\":\"https:\\\/\\\/eventkit.ch\\\/wp-content\\\/uploads\\\/2025\\\/11\\\/android-icon-144x144-1.png\",\"contentUrl\":\"https:\\\/\\\/eventkit.ch\\\/wp-content\\\/uploads\\\/2025\\\/11\\\/android-icon-144x144-1.png\",\"width\":144,\"height\":144,\"caption\":\"EventKit\"},\"image\":{\"@id\":\"https:\\\/\\\/eventkit.ch\\\/#\\\/schema\\\/logo\\\/image\\\/\"}},{\"@type\":\"Person\",\"@id\":\"https:\\\/\\\/eventkit.ch\\\/#\\\/schema\\\/person\\\/253054d6aebf5953b7d44d55f6fa23a6\",\"name\":\"admin\",\"image\":{\"@type\":\"ImageObject\",\"inLanguage\":\"de\",\"@id\":\"https:\\\/\\\/secure.gravatar.com\\\/avatar\\\/b16af3d4c53a3c45bcd7caa3507cfd5911c755f5d1702a589b27b7fa80bb4a64?s=96&d=mm&r=g\",\"url\":\"https:\\\/\\\/secure.gravatar.com\\\/avatar\\\/b16af3d4c53a3c45bcd7caa3507cfd5911c755f5d1702a589b27b7fa80bb4a64?s=96&d=mm&r=g\",\"contentUrl\":\"https:\\\/\\\/secure.gravatar.com\\\/avatar\\\/b16af3d4c53a3c45bcd7caa3507cfd5911c755f5d1702a589b27b7fa80bb4a64?s=96&d=mm&r=g\",\"caption\":\"admin\"},\"sameAs\":[\"https:\\\/\\\/eventkit.ch\"],\"url\":\"https:\\\/\\\/eventkit.ch\\\/?author=1\"}]}<\/script>\n<!-- \/ Yoast SEO plugin. -->","yoast_head_json":{"title":"EURO f\u00e9minin 2025 \u2013 De nouvelles normes - EventKit","robots":{"index":"index","follow":"follow","max-snippet":"max-snippet:-1","max-image-preview":"max-image-preview:large","max-video-preview":"max-video-preview:-1"},"canonical":"https:\/\/eventkit.ch\/?p=862&lang=fr","og_locale":"de_DE","og_type":"article","og_title":"EURO f\u00e9minin 2025 \u2013 De nouvelles normes - EventKit","og_description":"Pour la phase finale du Championnat d\u2019Europe f\u00e9minin 2025, l\u2019UEFA a mis en \u0153uvre 34 mesures visant \u00e0 r\u00e9duire l\u2019empreinte carbone dans les domaines de la protection du climat, des infrastructures durables et de l\u2019\u00e9conomie circulaire. Celles-ci ont contribu\u00e9 de mani\u00e8re significative \u00e0 r\u00e9duire l\u2019impact du tournoi sur l\u2019environnement.","og_url":"https:\/\/eventkit.ch\/?p=862&lang=fr","og_site_name":"EventKit","article_published_time":"2025-11-26T13:24:17+00:00","article_modified_time":"2026-02-04T09:34:41+00:00","og_image":[{"width":940,"height":628,"url":"https:\/\/eventkit.ch\/wp-content\/uploads\/2025\/11\/Switzerland-v-Netherlands-Group-C-UEFA-Womens-e1764750747328.webp","type":"image\/webp"}],"author":"admin","twitter_card":"summary_large_image","twitter_misc":{"Verfasst von":"admin","Gesch\u00e4tzte Lesezeit":"1\u00a0Minute"},"schema":{"@context":"https:\/\/schema.org","@graph":[{"@type":"Article","@id":"https:\/\/eventkit.ch\/?p=862&lang=fr#article","isPartOf":{"@id":"https:\/\/eventkit.ch\/?p=862&lang=fr"},"author":{"name":"admin","@id":"https:\/\/eventkit.ch\/#\/schema\/person\/253054d6aebf5953b7d44d55f6fa23a6"},"headline":"EURO f\u00e9minin 2025 \u2013 De nouvelles normes","datePublished":"2025-11-26T13:24:17+00:00","dateModified":"2026-02-04T09:34:41+00:00","mainEntityOfPage":{"@id":"https:\/\/eventkit.ch\/?p=862&lang=fr"},"wordCount":81,"commentCount":0,"publisher":{"@id":"https:\/\/eventkit.ch\/#organization"},"image":{"@id":"https:\/\/eventkit.ch\/?p=862&lang=fr#primaryimage"},"thumbnailUrl":"https:\/\/eventkit.ch\/wp-content\/uploads\/2025\/11\/Switzerland-v-Netherlands-Group-C-UEFA-Womens-e1764750747328.webp","articleSection":["Accessibilit\u00e9 et enjeux sociaux","Entreprise","Gestion et communication","Nature et paysage","Sant\u00e9 et pr\u00e9vention"],"inLanguage":"de","potentialAction":[{"@type":"CommentAction","name":"Comment","target":["https:\/\/eventkit.ch\/?p=862&lang=fr#respond"]}]},{"@type":"WebPage","@id":"https:\/\/eventkit.ch\/?p=862&lang=fr","url":"https:\/\/eventkit.ch\/?p=862&lang=fr","name":"EURO f\u00e9minin 2025 \u2013 De nouvelles normes - EventKit","isPartOf":{"@id":"https:\/\/eventkit.ch\/#website"},"primaryImageOfPage":{"@id":"https:\/\/eventkit.ch\/?p=862&lang=fr#primaryimage"},"image":{"@id":"https:\/\/eventkit.ch\/?p=862&lang=fr#primaryimage"},"thumbnailUrl":"https:\/\/eventkit.ch\/wp-content\/uploads\/2025\/11\/Switzerland-v-Netherlands-Group-C-UEFA-Womens-e1764750747328.webp","datePublished":"2025-11-26T13:24:17+00:00","dateModified":"2026-02-04T09:34:41+00:00","breadcrumb":{"@id":"https:\/\/eventkit.ch\/?p=862&lang=fr#breadcrumb"},"inLanguage":"de","potentialAction":[{"@type":"ReadAction","target":["https:\/\/eventkit.ch\/?p=862&lang=fr"]}]},{"@type":"ImageObject","inLanguage":"de","@id":"https:\/\/eventkit.ch\/?p=862&lang=fr#primaryimage","url":"https:\/\/eventkit.ch\/wp-content\/uploads\/2025\/11\/Switzerland-v-Netherlands-Group-C-UEFA-Womens-e1764750747328.webp","contentUrl":"https:\/\/eventkit.ch\/wp-content\/uploads\/2025\/11\/Switzerland-v-Netherlands-Group-C-UEFA-Womens-e1764750747328.webp","width":940,"height":628,"caption":"\u00a9 UEFA Switzerland v Netherlands Group C"},{"@type":"BreadcrumbList","@id":"https:\/\/eventkit.ch\/?p=862&lang=fr#breadcrumb","itemListElement":[{"@type":"ListItem","position":1,"name":"Home","item":"https:\/\/eventkit.ch\/"},{"@type":"ListItem","position":2,"name":"EURO f\u00e9minin 2025 \u2013 De nouvelles normes"}]},{"@type":"WebSite","@id":"https:\/\/eventkit.ch\/#website","url":"https:\/\/eventkit.ch\/","name":"EventKit","description":"Nachhaltigkeit, die wirkt: Dein Event im Check.","publisher":{"@id":"https:\/\/eventkit.ch\/#organization"},"potentialAction":[{"@type":"SearchAction","target":{"@type":"EntryPoint","urlTemplate":"https:\/\/eventkit.ch\/?s={search_term_string}"},"query-input":{"@type":"PropertyValueSpecification","valueRequired":true,"valueName":"search_term_string"}}],"inLanguage":"de"},{"@type":"Organization","@id":"https:\/\/eventkit.ch\/#organization","name":"EventKit","url":"https:\/\/eventkit.ch\/","logo":{"@type":"ImageObject","inLanguage":"de","@id":"https:\/\/eventkit.ch\/#\/schema\/logo\/image\/","url":"https:\/\/eventkit.ch\/wp-content\/uploads\/2025\/11\/android-icon-144x144-1.png","contentUrl":"https:\/\/eventkit.ch\/wp-content\/uploads\/2025\/11\/android-icon-144x144-1.png","width":144,"height":144,"caption":"EventKit"},"image":{"@id":"https:\/\/eventkit.ch\/#\/schema\/logo\/image\/"}},{"@type":"Person","@id":"https:\/\/eventkit.ch\/#\/schema\/person\/253054d6aebf5953b7d44d55f6fa23a6","name":"admin","image":{"@type":"ImageObject","inLanguage":"de","@id":"https:\/\/secure.gravatar.com\/avatar\/b16af3d4c53a3c45bcd7caa3507cfd5911c755f5d1702a589b27b7fa80bb4a64?s=96&d=mm&r=g","url":"https:\/\/secure.gravatar.com\/avatar\/b16af3d4c53a3c45bcd7caa3507cfd5911c755f5d1702a589b27b7fa80bb4a64?s=96&d=mm&r=g","contentUrl":"https:\/\/secure.gravatar.com\/avatar\/b16af3d4c53a3c45bcd7caa3507cfd5911c755f5d1702a589b27b7fa80bb4a64?s=96&d=mm&r=g","caption":"admin"},"sameAs":["https:\/\/eventkit.ch"],"url":"https:\/\/eventkit.ch\/?author=1"}]}},"_links":{"self":[{"href":"https:\/\/eventkit.ch\/index.php?rest_route=\/wp\/v2\/posts\/862","targetHints":{"allow":["GET"]}}],"collection":[{"href":"https:\/\/eventkit.ch\/index.php?rest_route=\/wp\/v2\/posts"}],"about":[{"href":"https:\/\/eventkit.ch\/index.php?rest_route=\/wp\/v2\/types\/post"}],"author":[{"embeddable":true,"href":"https:\/\/eventkit.ch\/index.php?rest_route=\/wp\/v2\/users\/1"}],"replies":[{"embeddable":true,"href":"https:\/\/eventkit.ch\/index.php?rest_route=%2Fwp%2Fv2%2Fcomments&post=862"}],"version-history":[{"count":7,"href":"https:\/\/eventkit.ch\/index.php?rest_route=\/wp\/v2\/posts\/862\/revisions"}],"predecessor-version":[{"id":3332,"href":"https:\/\/eventkit.ch\/index.php?rest_route=\/wp\/v2\/posts\/862\/revisions\/3332"}],"wp:featuredmedia":[{"embeddable":true,"href":"https:\/\/eventkit.ch\/index.php?rest_route=\/wp\/v2\/media\/1140"}],"wp:attachment":[{"href":"https:\/\/eventkit.ch\/index.php?rest_route=%2Fwp%2Fv2%2Fmedia&parent=862"}],"wp:term":[{"taxonomy":"category","embeddable":true,"href":"https:\/\/eventkit.ch\/index.php?rest_route=%2Fwp%2Fv2%2Fcategories&post=862"},{"taxonomy":"post_tag","embeddable":true,"href":"https:\/\/eventkit.ch\/index.php?rest_route=%2Fwp%2Fv2%2Ftags&post=862"},{"taxonomy":"content_type","embeddable":true,"href":"https:\/\/eventkit.ch\/index.php?rest_route=%2Fwp%2Fv2%2Fcontent_type&post=862"}],"curies":[{"name":"wp","href":"https:\/\/api.w.org\/{rel}","templated":true}]}}