{"id":855,"date":"2025-11-26T13:25:04","date_gmt":"2025-11-26T13:25:04","guid":{"rendered":"https:\/\/eventkit.ch\/?p=855"},"modified":"2026-04-15T14:43:46","modified_gmt":"2026-04-15T12:43:46","slug":"zurich-green-marathon-fr-translation","status":"publish","type":"post","link":"https:\/\/eventkit.ch\/?p=855&lang=fr","title":{"rendered":"Concours de l\u2019Eurovision 2025 \u2013 Inclusif, s\u00fbr et responsable"},"content":{"rendered":"<div class=\"good-practices is-layout-constrained wp-block-sub-good-practices wp-block-sub-good-practices-is-layout-constrained\">\n    \n<div class=\"wp-bootstrap-blocks-row row gp-header\">\n\t\n<div class=\"col-12 col-md-7 gp-header-image\">\n\t\t\t\n<figure class=\"wp-block-post-featured-image\"><img loading=\"lazy\" decoding=\"async\" width=\"1024\" height=\"683\" src=\"https:\/\/eventkit.ch\/wp-content\/uploads\/2025\/12\/prvw.jpg\" class=\"attachment-post-thumbnail size-post-thumbnail wp-post-image\" alt=\"\" style=\"object-fit:cover;\" srcset=\"https:\/\/eventkit.ch\/wp-content\/uploads\/2025\/12\/prvw.jpg 1024w, https:\/\/eventkit.ch\/wp-content\/uploads\/2025\/12\/prvw-300x200.jpg 300w, https:\/\/eventkit.ch\/wp-content\/uploads\/2025\/12\/prvw-768x512.jpg 768w\" sizes=\"auto, (max-width: 1024px) 100vw, 1024px\" \/><figcaption class=\"wp-element-caption\">\u00a9 ESC 2025 Kanton Basel Stadt<\/figcaption><\/figure>\n\t<\/div>\n\n<div class=\"col-12 col-md-5 gp-header-content\">\n\t\t\t\n<h1 class=\"wp-block-post-title\">Concours de l\u2019Eurovision 2025 \u2013 Inclusif, s\u00fbr et responsable<\/h1>\n\n<div class=\"wp-block-buttons is-layout-flex wp-block-buttons-is-layout-flex\"><\/div>\n\t<\/div>\n<\/div>\n\n<p>L\u2019Eurovision 2025 \u00e0 B\u00e2le, qui a accueilli environ 500\u2019000 personnes, a \u00e9t\u00e9 l&#8217;occasion id\u00e9ale de sensibiliser le public \u00e0 la durabilit\u00e9. Des mesures telles que l&#8217;accessibilit\u00e9, le tri des d\u00e9chets et le recyclage ont \u00e9t\u00e9 appr\u00e9ci\u00e9es par le public. Le rapport de durabilit\u00e9 de la manifestation a recens\u00e9 les impacts sociaux, \u00e9cologiques et \u00e9conomiques sur la base d&#8217;enqu\u00eates men\u00e9es aupr\u00e8s de plus de 2\u2019000 personnes et de donn\u00e9es \u00e9valu\u00e9es sur le site.<\/p>\n\n<h2 class=\"wp-block-heading\">R\u00e9sultat<\/h2>\n\n<p>La recommandation d&#8217;utiliser les transports publics pour se rendre \u00e0 l&#8217;\u00e9v\u00e9nement a port\u00e9 ses fruits : 78% du public a utilis\u00e9 les transports publics ou la mobilit\u00e9 douce, et m\u00eame 91% \u00e0 B\u00e2le. <a href=\"https:\/\/www.bs.ch\/medienmitteilungen\/pd\/2025-basel-zieht-positive-bilanz-zum-eurovision-song-contest\" target=\"_blank\" rel=\"noreferrer noopener\">Plus d&#8217;informations<\/a> (en allemand)<\/p>\n\n\n<\/div>","protected":false},"excerpt":{"rendered":"<p>L&#8217;ESC 2025 \u00e0 B\u00e2le, qui a accueilli environ 500 000 visiteurs, a \u00e9t\u00e9 l&#8217;occasion id\u00e9ale de sensibiliser le public \u00e0 la durabilit\u00e9. Des mesures telles que l&#8217;accessibilit\u00e9, le tri des d\u00e9chets et le recyclage ont \u00e9t\u00e9 appr\u00e9ci\u00e9es par le public. Le rapport de durabilit\u00e9 de l&#8217;ESC a recens\u00e9 les impacts sociaux, \u00e9cologiques et \u00e9conomiques sur la base d&#8217;enqu\u00eates men\u00e9es aupr\u00e8s de plus de 2 000 personnes et de donn\u00e9es \u00e9valu\u00e9es sur le site.<\/p>\n","protected":false},"author":1,"featured_media":3772,"comment_status":"open","ping_status":"open","sticky":false,"template":"","format":"standard","meta":{"_sitemap_exclude":false,"_sitemap_priority":"","_sitemap_frequency":"","_eventkit_result":"","_eventkit_link":"https:\/\/www.deepl.com\/en\/translator","footnotes":""},"categories":[51,41,21,47],"tags":[],"content_type":[62],"class_list":["post-855","post","type-post","status-publish","format-standard","has-post-thumbnail","hentry","category-circulation-et-transports","category-energie-et-infrastructures","category-epiceries","category-materiaux-et-dechets","content_type-bonnes-pratiques"],"yoast_head":"<!-- This site is optimized with the Yoast SEO plugin v27.3 - https:\/\/yoast.com\/product\/yoast-seo-wordpress\/ -->\n<title>Concours de l\u2019Eurovision 2025 \u2013 Inclusif, s\u00fbr et responsable - EventKit<\/title>\n<meta name=\"robots\" content=\"index, follow, max-snippet:-1, max-image-preview:large, max-video-preview:-1\" \/>\n<link rel=\"canonical\" href=\"https:\/\/eventkit.ch\/?p=855&lang=fr\" \/>\n<meta property=\"og:locale\" content=\"de_DE\" \/>\n<meta property=\"og:type\" content=\"article\" \/>\n<meta property=\"og:title\" content=\"Concours de l\u2019Eurovision 2025 \u2013 Inclusif, s\u00fbr et responsable - EventKit\" \/>\n<meta property=\"og:description\" content=\"L&#039;ESC 2025 \u00e0 B\u00e2le, qui a accueilli environ 500 000 visiteurs, a \u00e9t\u00e9 l&#039;occasion id\u00e9ale de sensibiliser le public \u00e0 la durabilit\u00e9. Des mesures telles que l&#039;accessibilit\u00e9, le tri des d\u00e9chets et le recyclage ont \u00e9t\u00e9 appr\u00e9ci\u00e9es par le public. Le rapport de durabilit\u00e9 de l&#039;ESC a recens\u00e9 les impacts sociaux, \u00e9cologiques et \u00e9conomiques sur la base d&#039;enqu\u00eates men\u00e9es aupr\u00e8s de plus de 2 000 personnes et de donn\u00e9es \u00e9valu\u00e9es sur le site.\" \/>\n<meta property=\"og:url\" content=\"https:\/\/eventkit.ch\/?p=855&amp;lang=fr\" \/>\n<meta property=\"og:site_name\" content=\"EventKit\" \/>\n<meta property=\"article:published_time\" content=\"2025-11-26T13:25:04+00:00\" \/>\n<meta property=\"article:modified_time\" content=\"2026-04-15T12:43:46+00:00\" \/>\n<meta property=\"og:image\" content=\"https:\/\/eventkit.ch\/wp-content\/uploads\/2025\/12\/prvw.jpg\" \/>\n\t<meta property=\"og:image:width\" content=\"1024\" \/>\n\t<meta property=\"og:image:height\" content=\"683\" \/>\n\t<meta property=\"og:image:type\" content=\"image\/jpeg\" \/>\n<meta name=\"author\" content=\"admin\" \/>\n<meta name=\"twitter:card\" content=\"summary_large_image\" \/>\n<meta name=\"twitter:label1\" content=\"Verfasst von\" \/>\n\t<meta name=\"twitter:data1\" content=\"admin\" \/>\n\t<meta name=\"twitter:label2\" content=\"Gesch\u00e4tzte Lesezeit\" \/>\n\t<meta name=\"twitter:data2\" content=\"2\u00a0Minuten\" \/>\n<script type=\"application\/ld+json\" class=\"yoast-schema-graph\">{\"@context\":\"https:\\\/\\\/schema.org\",\"@graph\":[{\"@type\":\"Article\",\"@id\":\"https:\\\/\\\/eventkit.ch\\\/?p=855&lang=fr#article\",\"isPartOf\":{\"@id\":\"https:\\\/\\\/eventkit.ch\\\/?p=855&lang=fr\"},\"author\":{\"name\":\"admin\",\"@id\":\"https:\\\/\\\/eventkit.ch\\\/#\\\/schema\\\/person\\\/253054d6aebf5953b7d44d55f6fa23a6\"},\"headline\":\"Concours de l\u2019Eurovision 2025 \u2013 Inclusif, s\u00fbr et responsable\",\"datePublished\":\"2025-11-26T13:25:04+00:00\",\"dateModified\":\"2026-04-15T12:43:46+00:00\",\"mainEntityOfPage\":{\"@id\":\"https:\\\/\\\/eventkit.ch\\\/?p=855&lang=fr\"},\"wordCount\":130,\"commentCount\":0,\"publisher\":{\"@id\":\"https:\\\/\\\/eventkit.ch\\\/#organization\"},\"image\":{\"@id\":\"https:\\\/\\\/eventkit.ch\\\/?p=855&lang=fr#primaryimage\"},\"thumbnailUrl\":\"https:\\\/\\\/eventkit.ch\\\/wp-content\\\/uploads\\\/2025\\\/12\\\/prvw.jpg\",\"articleSection\":[\"Circulation et transports\",\"\u00c9nergie et infrastructures\",\"\u00c9piceries\",\"Mat\u00e9riaux et d\u00e9chets\"],\"inLanguage\":\"de\",\"potentialAction\":[{\"@type\":\"CommentAction\",\"name\":\"Comment\",\"target\":[\"https:\\\/\\\/eventkit.ch\\\/?p=855&lang=fr#respond\"]}]},{\"@type\":\"WebPage\",\"@id\":\"https:\\\/\\\/eventkit.ch\\\/?p=855&lang=fr\",\"url\":\"https:\\\/\\\/eventkit.ch\\\/?p=855&lang=fr\",\"name\":\"Concours de l\u2019Eurovision 2025 \u2013 Inclusif, s\u00fbr et responsable - EventKit\",\"isPartOf\":{\"@id\":\"https:\\\/\\\/eventkit.ch\\\/#website\"},\"primaryImageOfPage\":{\"@id\":\"https:\\\/\\\/eventkit.ch\\\/?p=855&lang=fr#primaryimage\"},\"image\":{\"@id\":\"https:\\\/\\\/eventkit.ch\\\/?p=855&lang=fr#primaryimage\"},\"thumbnailUrl\":\"https:\\\/\\\/eventkit.ch\\\/wp-content\\\/uploads\\\/2025\\\/12\\\/prvw.jpg\",\"datePublished\":\"2025-11-26T13:25:04+00:00\",\"dateModified\":\"2026-04-15T12:43:46+00:00\",\"breadcrumb\":{\"@id\":\"https:\\\/\\\/eventkit.ch\\\/?p=855&lang=fr#breadcrumb\"},\"inLanguage\":\"de\",\"potentialAction\":[{\"@type\":\"ReadAction\",\"target\":[\"https:\\\/\\\/eventkit.ch\\\/?p=855&lang=fr\"]}]},{\"@type\":\"ImageObject\",\"inLanguage\":\"de\",\"@id\":\"https:\\\/\\\/eventkit.ch\\\/?p=855&lang=fr#primaryimage\",\"url\":\"https:\\\/\\\/eventkit.ch\\\/wp-content\\\/uploads\\\/2025\\\/12\\\/prvw.jpg\",\"contentUrl\":\"https:\\\/\\\/eventkit.ch\\\/wp-content\\\/uploads\\\/2025\\\/12\\\/prvw.jpg\",\"width\":1024,\"height\":683,\"caption\":\"\u00a9 ESC 2025 Kanton Basel Stadt\"},{\"@type\":\"BreadcrumbList\",\"@id\":\"https:\\\/\\\/eventkit.ch\\\/?p=855&lang=fr#breadcrumb\",\"itemListElement\":[{\"@type\":\"ListItem\",\"position\":1,\"name\":\"Home\",\"item\":\"https:\\\/\\\/eventkit.ch\\\/\"},{\"@type\":\"ListItem\",\"position\":2,\"name\":\"Concours de l\u2019Eurovision 2025 \u2013 Inclusif, s\u00fbr et responsable\"}]},{\"@type\":\"WebSite\",\"@id\":\"https:\\\/\\\/eventkit.ch\\\/#website\",\"url\":\"https:\\\/\\\/eventkit.ch\\\/\",\"name\":\"EventKit\",\"description\":\"Nachhaltigkeit, die wirkt: Dein Event im Check.\",\"publisher\":{\"@id\":\"https:\\\/\\\/eventkit.ch\\\/#organization\"},\"potentialAction\":[{\"@type\":\"SearchAction\",\"target\":{\"@type\":\"EntryPoint\",\"urlTemplate\":\"https:\\\/\\\/eventkit.ch\\\/?s={search_term_string}\"},\"query-input\":{\"@type\":\"PropertyValueSpecification\",\"valueRequired\":true,\"valueName\":\"search_term_string\"}}],\"inLanguage\":\"de\"},{\"@type\":\"Organization\",\"@id\":\"https:\\\/\\\/eventkit.ch\\\/#organization\",\"name\":\"EventKit\",\"url\":\"https:\\\/\\\/eventkit.ch\\\/\",\"logo\":{\"@type\":\"ImageObject\",\"inLanguage\":\"de\",\"@id\":\"https:\\\/\\\/eventkit.ch\\\/#\\\/schema\\\/logo\\\/image\\\/\",\"url\":\"https:\\\/\\\/eventkit.ch\\\/wp-content\\\/uploads\\\/2025\\\/11\\\/android-icon-144x144-1.png\",\"contentUrl\":\"https:\\\/\\\/eventkit.ch\\\/wp-content\\\/uploads\\\/2025\\\/11\\\/android-icon-144x144-1.png\",\"width\":144,\"height\":144,\"caption\":\"EventKit\"},\"image\":{\"@id\":\"https:\\\/\\\/eventkit.ch\\\/#\\\/schema\\\/logo\\\/image\\\/\"}},{\"@type\":\"Person\",\"@id\":\"https:\\\/\\\/eventkit.ch\\\/#\\\/schema\\\/person\\\/253054d6aebf5953b7d44d55f6fa23a6\",\"name\":\"admin\",\"image\":{\"@type\":\"ImageObject\",\"inLanguage\":\"de\",\"@id\":\"https:\\\/\\\/secure.gravatar.com\\\/avatar\\\/b16af3d4c53a3c45bcd7caa3507cfd5911c755f5d1702a589b27b7fa80bb4a64?s=96&d=mm&r=g\",\"url\":\"https:\\\/\\\/secure.gravatar.com\\\/avatar\\\/b16af3d4c53a3c45bcd7caa3507cfd5911c755f5d1702a589b27b7fa80bb4a64?s=96&d=mm&r=g\",\"contentUrl\":\"https:\\\/\\\/secure.gravatar.com\\\/avatar\\\/b16af3d4c53a3c45bcd7caa3507cfd5911c755f5d1702a589b27b7fa80bb4a64?s=96&d=mm&r=g\",\"caption\":\"admin\"},\"sameAs\":[\"https:\\\/\\\/eventkit.ch\"],\"url\":\"https:\\\/\\\/eventkit.ch\\\/?author=1\"}]}<\/script>\n<!-- \/ Yoast SEO plugin. -->","yoast_head_json":{"title":"Concours de l\u2019Eurovision 2025 \u2013 Inclusif, s\u00fbr et responsable - EventKit","robots":{"index":"index","follow":"follow","max-snippet":"max-snippet:-1","max-image-preview":"max-image-preview:large","max-video-preview":"max-video-preview:-1"},"canonical":"https:\/\/eventkit.ch\/?p=855&lang=fr","og_locale":"de_DE","og_type":"article","og_title":"Concours de l\u2019Eurovision 2025 \u2013 Inclusif, s\u00fbr et responsable - EventKit","og_description":"L'ESC 2025 \u00e0 B\u00e2le, qui a accueilli environ 500 000 visiteurs, a \u00e9t\u00e9 l'occasion id\u00e9ale de sensibiliser le public \u00e0 la durabilit\u00e9. Des mesures telles que l'accessibilit\u00e9, le tri des d\u00e9chets et le recyclage ont \u00e9t\u00e9 appr\u00e9ci\u00e9es par le public. Le rapport de durabilit\u00e9 de l'ESC a recens\u00e9 les impacts sociaux, \u00e9cologiques et \u00e9conomiques sur la base d'enqu\u00eates men\u00e9es aupr\u00e8s de plus de 2 000 personnes et de donn\u00e9es \u00e9valu\u00e9es sur le site.","og_url":"https:\/\/eventkit.ch\/?p=855&lang=fr","og_site_name":"EventKit","article_published_time":"2025-11-26T13:25:04+00:00","article_modified_time":"2026-04-15T12:43:46+00:00","og_image":[{"width":1024,"height":683,"url":"https:\/\/eventkit.ch\/wp-content\/uploads\/2025\/12\/prvw.jpg","type":"image\/jpeg"}],"author":"admin","twitter_card":"summary_large_image","twitter_misc":{"Verfasst von":"admin","Gesch\u00e4tzte Lesezeit":"2\u00a0Minuten"},"schema":{"@context":"https:\/\/schema.org","@graph":[{"@type":"Article","@id":"https:\/\/eventkit.ch\/?p=855&lang=fr#article","isPartOf":{"@id":"https:\/\/eventkit.ch\/?p=855&lang=fr"},"author":{"name":"admin","@id":"https:\/\/eventkit.ch\/#\/schema\/person\/253054d6aebf5953b7d44d55f6fa23a6"},"headline":"Concours de l\u2019Eurovision 2025 \u2013 Inclusif, s\u00fbr et responsable","datePublished":"2025-11-26T13:25:04+00:00","dateModified":"2026-04-15T12:43:46+00:00","mainEntityOfPage":{"@id":"https:\/\/eventkit.ch\/?p=855&lang=fr"},"wordCount":130,"commentCount":0,"publisher":{"@id":"https:\/\/eventkit.ch\/#organization"},"image":{"@id":"https:\/\/eventkit.ch\/?p=855&lang=fr#primaryimage"},"thumbnailUrl":"https:\/\/eventkit.ch\/wp-content\/uploads\/2025\/12\/prvw.jpg","articleSection":["Circulation et transports","\u00c9nergie et infrastructures","\u00c9piceries","Mat\u00e9riaux et d\u00e9chets"],"inLanguage":"de","potentialAction":[{"@type":"CommentAction","name":"Comment","target":["https:\/\/eventkit.ch\/?p=855&lang=fr#respond"]}]},{"@type":"WebPage","@id":"https:\/\/eventkit.ch\/?p=855&lang=fr","url":"https:\/\/eventkit.ch\/?p=855&lang=fr","name":"Concours de l\u2019Eurovision 2025 \u2013 Inclusif, s\u00fbr et responsable - EventKit","isPartOf":{"@id":"https:\/\/eventkit.ch\/#website"},"primaryImageOfPage":{"@id":"https:\/\/eventkit.ch\/?p=855&lang=fr#primaryimage"},"image":{"@id":"https:\/\/eventkit.ch\/?p=855&lang=fr#primaryimage"},"thumbnailUrl":"https:\/\/eventkit.ch\/wp-content\/uploads\/2025\/12\/prvw.jpg","datePublished":"2025-11-26T13:25:04+00:00","dateModified":"2026-04-15T12:43:46+00:00","breadcrumb":{"@id":"https:\/\/eventkit.ch\/?p=855&lang=fr#breadcrumb"},"inLanguage":"de","potentialAction":[{"@type":"ReadAction","target":["https:\/\/eventkit.ch\/?p=855&lang=fr"]}]},{"@type":"ImageObject","inLanguage":"de","@id":"https:\/\/eventkit.ch\/?p=855&lang=fr#primaryimage","url":"https:\/\/eventkit.ch\/wp-content\/uploads\/2025\/12\/prvw.jpg","contentUrl":"https:\/\/eventkit.ch\/wp-content\/uploads\/2025\/12\/prvw.jpg","width":1024,"height":683,"caption":"\u00a9 ESC 2025 Kanton Basel Stadt"},{"@type":"BreadcrumbList","@id":"https:\/\/eventkit.ch\/?p=855&lang=fr#breadcrumb","itemListElement":[{"@type":"ListItem","position":1,"name":"Home","item":"https:\/\/eventkit.ch\/"},{"@type":"ListItem","position":2,"name":"Concours de l\u2019Eurovision 2025 \u2013 Inclusif, s\u00fbr et responsable"}]},{"@type":"WebSite","@id":"https:\/\/eventkit.ch\/#website","url":"https:\/\/eventkit.ch\/","name":"EventKit","description":"Nachhaltigkeit, die wirkt: Dein Event im Check.","publisher":{"@id":"https:\/\/eventkit.ch\/#organization"},"potentialAction":[{"@type":"SearchAction","target":{"@type":"EntryPoint","urlTemplate":"https:\/\/eventkit.ch\/?s={search_term_string}"},"query-input":{"@type":"PropertyValueSpecification","valueRequired":true,"valueName":"search_term_string"}}],"inLanguage":"de"},{"@type":"Organization","@id":"https:\/\/eventkit.ch\/#organization","name":"EventKit","url":"https:\/\/eventkit.ch\/","logo":{"@type":"ImageObject","inLanguage":"de","@id":"https:\/\/eventkit.ch\/#\/schema\/logo\/image\/","url":"https:\/\/eventkit.ch\/wp-content\/uploads\/2025\/11\/android-icon-144x144-1.png","contentUrl":"https:\/\/eventkit.ch\/wp-content\/uploads\/2025\/11\/android-icon-144x144-1.png","width":144,"height":144,"caption":"EventKit"},"image":{"@id":"https:\/\/eventkit.ch\/#\/schema\/logo\/image\/"}},{"@type":"Person","@id":"https:\/\/eventkit.ch\/#\/schema\/person\/253054d6aebf5953b7d44d55f6fa23a6","name":"admin","image":{"@type":"ImageObject","inLanguage":"de","@id":"https:\/\/secure.gravatar.com\/avatar\/b16af3d4c53a3c45bcd7caa3507cfd5911c755f5d1702a589b27b7fa80bb4a64?s=96&d=mm&r=g","url":"https:\/\/secure.gravatar.com\/avatar\/b16af3d4c53a3c45bcd7caa3507cfd5911c755f5d1702a589b27b7fa80bb4a64?s=96&d=mm&r=g","contentUrl":"https:\/\/secure.gravatar.com\/avatar\/b16af3d4c53a3c45bcd7caa3507cfd5911c755f5d1702a589b27b7fa80bb4a64?s=96&d=mm&r=g","caption":"admin"},"sameAs":["https:\/\/eventkit.ch"],"url":"https:\/\/eventkit.ch\/?author=1"}]}},"_links":{"self":[{"href":"https:\/\/eventkit.ch\/index.php?rest_route=\/wp\/v2\/posts\/855","targetHints":{"allow":["GET"]}}],"collection":[{"href":"https:\/\/eventkit.ch\/index.php?rest_route=\/wp\/v2\/posts"}],"about":[{"href":"https:\/\/eventkit.ch\/index.php?rest_route=\/wp\/v2\/types\/post"}],"author":[{"embeddable":true,"href":"https:\/\/eventkit.ch\/index.php?rest_route=\/wp\/v2\/users\/1"}],"replies":[{"embeddable":true,"href":"https:\/\/eventkit.ch\/index.php?rest_route=%2Fwp%2Fv2%2Fcomments&post=855"}],"version-history":[{"count":8,"href":"https:\/\/eventkit.ch\/index.php?rest_route=\/wp\/v2\/posts\/855\/revisions"}],"predecessor-version":[{"id":2744,"href":"https:\/\/eventkit.ch\/index.php?rest_route=\/wp\/v2\/posts\/855\/revisions\/2744"}],"wp:featuredmedia":[{"embeddable":true,"href":"https:\/\/eventkit.ch\/index.php?rest_route=\/wp\/v2\/media\/3772"}],"wp:attachment":[{"href":"https:\/\/eventkit.ch\/index.php?rest_route=%2Fwp%2Fv2%2Fmedia&parent=855"}],"wp:term":[{"taxonomy":"category","embeddable":true,"href":"https:\/\/eventkit.ch\/index.php?rest_route=%2Fwp%2Fv2%2Fcategories&post=855"},{"taxonomy":"post_tag","embeddable":true,"href":"https:\/\/eventkit.ch\/index.php?rest_route=%2Fwp%2Fv2%2Ftags&post=855"},{"taxonomy":"content_type","embeddable":true,"href":"https:\/\/eventkit.ch\/index.php?rest_route=%2Fwp%2Fv2%2Fcontent_type&post=855"}],"curies":[{"name":"wp","href":"https:\/\/api.w.org\/{rel}","templated":true}]}}