{"id":813,"date":"2025-11-26T13:24:17","date_gmt":"2025-11-26T13:24:17","guid":{"rendered":"https:\/\/eventkit.ch\/?p=813"},"modified":"2026-03-19T11:11:26","modified_gmt":"2026-03-19T10:11:26","slug":"kulturfest-basel","status":"publish","type":"post","link":"https:\/\/eventkit.ch\/?p=813","title":{"rendered":"UEFA Women&#8217;s EURO 2025 &#8211; Neue Massst\u00e4be"},"content":{"rendered":"<div class=\"good-practices is-layout-constrained wp-block-sub-good-practices wp-block-sub-good-practices-is-layout-constrained\">\n    \n<div class=\"wp-bootstrap-blocks-row row gp-header\">\n\t\n<div class=\"col-12 col-md-7 gp-header-image\">\n\t\t\t\n<figure class=\"wp-block-post-featured-image\"><img loading=\"lazy\" decoding=\"async\" width=\"940\" height=\"628\" src=\"https:\/\/eventkit.ch\/wp-content\/uploads\/2025\/11\/Switzerland-v-Netherlands-Group-C-UEFA-Womens-e1764750747328.webp\" class=\"attachment-post-thumbnail size-post-thumbnail wp-post-image\" alt=\"\" style=\"object-fit:cover;\" srcset=\"https:\/\/eventkit.ch\/wp-content\/uploads\/2025\/11\/Switzerland-v-Netherlands-Group-C-UEFA-Womens-e1764750747328.webp 940w, https:\/\/eventkit.ch\/wp-content\/uploads\/2025\/11\/Switzerland-v-Netherlands-Group-C-UEFA-Womens-e1764750747328-300x200.webp 300w, https:\/\/eventkit.ch\/wp-content\/uploads\/2025\/11\/Switzerland-v-Netherlands-Group-C-UEFA-Womens-e1764750747328-768x513.webp 768w\" sizes=\"auto, (max-width: 940px) 100vw, 940px\" \/><figcaption class=\"wp-element-caption\">\u00a9 UEFA Switzerland v Netherlands Group C<\/figcaption><\/figure>\n\t<\/div>\n\n<div class=\"col-12 col-md-5 gp-header-content\">\n\t\t\t\n<h1 class=\"wp-block-post-title\">UEFA Women&#8217;s EURO 2025 &#8211; Neue Massst\u00e4be<\/h1>\n\n<div class=\"wp-block-buttons is-layout-flex wp-block-buttons-is-layout-flex\"><\/div>\n\t<\/div>\n<\/div>\n\n<p>F\u00fcr die Frauen-EM-Endrunde 2025 hat die UEFA 34 Ma\u00dfnahmen zur Reduzierung des CO\u2082-Fussabdrucks in den Bereichen Klimaschutz, nachhaltige Infrastruktur und Kreislaufwirtschaft umgesetzt. Diese trugen massgeblich zur Verringerung der Auswirkungen des Turniers auf die Umwelt bei.<\/p>\n\n<h2 class=\"wp-block-heading\">Ergebnis<\/h2>\n\n<p>Massgebliche und messbare Reduktion der Umwelteinwirkung. Siehe den Abschlussbericht: <a href=\"https:\/\/de.uefa.com\/news-media\/news\/029f-1f1f461bd52f-4f6425f697ed-1000\/\" target=\"_blank\" rel=\"noreferrer noopener\">Nachhaltigkeit UEFA Women&#8217;s Euro 2025<\/a><\/p>\n<\/div>","protected":false},"excerpt":{"rendered":"<p>F\u00fcr die Frauen-EM-Endrunde 2025 hat die UEFA 34 Ma\u00dfnahmen zur Reduzierung des CO\u2082-Fussabdrucks in den Bereichen Klimaschutz, nachhaltige Infrastruktur und Kreislaufwirtschaft umgesetzt. Diese trugen ma\u00dfgeblich zur Verringerung der Auswirkungen des Turniers auf die Umwelt bei. <\/p>\n","protected":false},"author":1,"featured_media":1140,"comment_status":"open","ping_status":"open","sticky":false,"template":"","format":"standard","meta":{"_sitemap_exclude":false,"_sitemap_priority":"","_sitemap_frequency":"","_eventkit_result":"","_eventkit_link":"","footnotes":""},"categories":[4,31,6,35,37],"tags":[],"content_type":[28],"class_list":["post-813","post","type-post","status-publish","format-standard","has-post-thumbnail","hentry","category-barrierefreiheit-soziales","category-gesundheit-praevention","category-management-kommunikation","category-natur-landschaft","category-wirtschaft","content_type-good-practice"],"yoast_head":"<!-- This site is optimized with the Yoast SEO plugin v27.3 - https:\/\/yoast.com\/product\/yoast-seo-wordpress\/ -->\n<title>UEFA Women&#039;s EURO 2025 - Neue Massst\u00e4be - EventKit<\/title>\n<meta name=\"robots\" content=\"index, follow, max-snippet:-1, max-image-preview:large, max-video-preview:-1\" \/>\n<link rel=\"canonical\" href=\"https:\/\/eventkit.ch\/?p=813\" \/>\n<meta property=\"og:locale\" content=\"de_DE\" \/>\n<meta property=\"og:type\" content=\"article\" \/>\n<meta property=\"og:title\" content=\"UEFA Women&#039;s EURO 2025 - Neue Massst\u00e4be - EventKit\" \/>\n<meta property=\"og:description\" content=\"F\u00fcr die Frauen-EM-Endrunde 2025 hat die UEFA 34 Ma\u00dfnahmen zur Reduzierung des CO\u2082-Fussabdrucks in den Bereichen Klimaschutz, nachhaltige Infrastruktur und Kreislaufwirtschaft umgesetzt. Diese trugen ma\u00dfgeblich zur Verringerung der Auswirkungen des Turniers auf die Umwelt bei.\" \/>\n<meta property=\"og:url\" content=\"https:\/\/eventkit.ch\/?p=813\" \/>\n<meta property=\"og:site_name\" content=\"EventKit\" \/>\n<meta property=\"article:published_time\" content=\"2025-11-26T13:24:17+00:00\" \/>\n<meta property=\"article:modified_time\" content=\"2026-03-19T10:11:26+00:00\" \/>\n<meta property=\"og:image\" content=\"https:\/\/eventkit.ch\/wp-content\/uploads\/2025\/11\/Switzerland-v-Netherlands-Group-C-UEFA-Womens-e1764750747328.webp\" \/>\n\t<meta property=\"og:image:width\" content=\"940\" \/>\n\t<meta property=\"og:image:height\" content=\"628\" \/>\n\t<meta property=\"og:image:type\" content=\"image\/webp\" \/>\n<meta name=\"author\" content=\"admin\" \/>\n<meta name=\"twitter:card\" content=\"summary_large_image\" \/>\n<meta name=\"twitter:label1\" content=\"Verfasst von\" \/>\n\t<meta name=\"twitter:data1\" content=\"admin\" \/>\n\t<meta name=\"twitter:label2\" content=\"Gesch\u00e4tzte Lesezeit\" \/>\n\t<meta name=\"twitter:data2\" content=\"1\u00a0Minute\" \/>\n<script type=\"application\/ld+json\" class=\"yoast-schema-graph\">{\"@context\":\"https:\\\/\\\/schema.org\",\"@graph\":[{\"@type\":\"Article\",\"@id\":\"https:\\\/\\\/eventkit.ch\\\/?p=813#article\",\"isPartOf\":{\"@id\":\"https:\\\/\\\/eventkit.ch\\\/?p=813\"},\"author\":{\"name\":\"admin\",\"@id\":\"https:\\\/\\\/eventkit.ch\\\/#\\\/schema\\\/person\\\/253054d6aebf5953b7d44d55f6fa23a6\"},\"headline\":\"UEFA Women&#8217;s EURO 2025 &#8211; Neue Massst\u00e4be\",\"datePublished\":\"2025-11-26T13:24:17+00:00\",\"dateModified\":\"2026-03-19T10:11:26+00:00\",\"mainEntityOfPage\":{\"@id\":\"https:\\\/\\\/eventkit.ch\\\/?p=813\"},\"wordCount\":59,\"commentCount\":0,\"publisher\":{\"@id\":\"https:\\\/\\\/eventkit.ch\\\/#organization\"},\"image\":{\"@id\":\"https:\\\/\\\/eventkit.ch\\\/?p=813#primaryimage\"},\"thumbnailUrl\":\"https:\\\/\\\/eventkit.ch\\\/wp-content\\\/uploads\\\/2025\\\/11\\\/Switzerland-v-Netherlands-Group-C-UEFA-Womens-e1764750747328.webp\",\"articleSection\":[\"Barrierefreiheit &amp; Soziales\",\"Gesundheit &amp; Pr\u00e4vention\",\"Management &amp; Kommunikation\",\"Natur &amp; Landschaft\",\"Wirtschaft\"],\"inLanguage\":\"de\",\"potentialAction\":[{\"@type\":\"CommentAction\",\"name\":\"Comment\",\"target\":[\"https:\\\/\\\/eventkit.ch\\\/?p=813#respond\"]}]},{\"@type\":\"WebPage\",\"@id\":\"https:\\\/\\\/eventkit.ch\\\/?p=813\",\"url\":\"https:\\\/\\\/eventkit.ch\\\/?p=813\",\"name\":\"UEFA Women's EURO 2025 - Neue Massst\u00e4be - EventKit\",\"isPartOf\":{\"@id\":\"https:\\\/\\\/eventkit.ch\\\/#website\"},\"primaryImageOfPage\":{\"@id\":\"https:\\\/\\\/eventkit.ch\\\/?p=813#primaryimage\"},\"image\":{\"@id\":\"https:\\\/\\\/eventkit.ch\\\/?p=813#primaryimage\"},\"thumbnailUrl\":\"https:\\\/\\\/eventkit.ch\\\/wp-content\\\/uploads\\\/2025\\\/11\\\/Switzerland-v-Netherlands-Group-C-UEFA-Womens-e1764750747328.webp\",\"datePublished\":\"2025-11-26T13:24:17+00:00\",\"dateModified\":\"2026-03-19T10:11:26+00:00\",\"breadcrumb\":{\"@id\":\"https:\\\/\\\/eventkit.ch\\\/?p=813#breadcrumb\"},\"inLanguage\":\"de\",\"potentialAction\":[{\"@type\":\"ReadAction\",\"target\":[\"https:\\\/\\\/eventkit.ch\\\/?p=813\"]}]},{\"@type\":\"ImageObject\",\"inLanguage\":\"de\",\"@id\":\"https:\\\/\\\/eventkit.ch\\\/?p=813#primaryimage\",\"url\":\"https:\\\/\\\/eventkit.ch\\\/wp-content\\\/uploads\\\/2025\\\/11\\\/Switzerland-v-Netherlands-Group-C-UEFA-Womens-e1764750747328.webp\",\"contentUrl\":\"https:\\\/\\\/eventkit.ch\\\/wp-content\\\/uploads\\\/2025\\\/11\\\/Switzerland-v-Netherlands-Group-C-UEFA-Womens-e1764750747328.webp\",\"width\":940,\"height\":628,\"caption\":\"\u00a9 UEFA Switzerland v Netherlands Group C\"},{\"@type\":\"BreadcrumbList\",\"@id\":\"https:\\\/\\\/eventkit.ch\\\/?p=813#breadcrumb\",\"itemListElement\":[{\"@type\":\"ListItem\",\"position\":1,\"name\":\"Home\",\"item\":\"https:\\\/\\\/eventkit.ch\\\/\"},{\"@type\":\"ListItem\",\"position\":2,\"name\":\"UEFA Women&#8217;s EURO 2025 &#8211; Neue Massst\u00e4be\"}]},{\"@type\":\"WebSite\",\"@id\":\"https:\\\/\\\/eventkit.ch\\\/#website\",\"url\":\"https:\\\/\\\/eventkit.ch\\\/\",\"name\":\"EventKit\",\"description\":\"Nachhaltigkeit, die wirkt: Dein Event im Check.\",\"publisher\":{\"@id\":\"https:\\\/\\\/eventkit.ch\\\/#organization\"},\"potentialAction\":[{\"@type\":\"SearchAction\",\"target\":{\"@type\":\"EntryPoint\",\"urlTemplate\":\"https:\\\/\\\/eventkit.ch\\\/?s={search_term_string}\"},\"query-input\":{\"@type\":\"PropertyValueSpecification\",\"valueRequired\":true,\"valueName\":\"search_term_string\"}}],\"inLanguage\":\"de\"},{\"@type\":\"Organization\",\"@id\":\"https:\\\/\\\/eventkit.ch\\\/#organization\",\"name\":\"EventKit\",\"url\":\"https:\\\/\\\/eventkit.ch\\\/\",\"logo\":{\"@type\":\"ImageObject\",\"inLanguage\":\"de\",\"@id\":\"https:\\\/\\\/eventkit.ch\\\/#\\\/schema\\\/logo\\\/image\\\/\",\"url\":\"https:\\\/\\\/eventkit.ch\\\/wp-content\\\/uploads\\\/2025\\\/11\\\/android-icon-144x144-1.png\",\"contentUrl\":\"https:\\\/\\\/eventkit.ch\\\/wp-content\\\/uploads\\\/2025\\\/11\\\/android-icon-144x144-1.png\",\"width\":144,\"height\":144,\"caption\":\"EventKit\"},\"image\":{\"@id\":\"https:\\\/\\\/eventkit.ch\\\/#\\\/schema\\\/logo\\\/image\\\/\"}},{\"@type\":\"Person\",\"@id\":\"https:\\\/\\\/eventkit.ch\\\/#\\\/schema\\\/person\\\/253054d6aebf5953b7d44d55f6fa23a6\",\"name\":\"admin\",\"image\":{\"@type\":\"ImageObject\",\"inLanguage\":\"de\",\"@id\":\"https:\\\/\\\/secure.gravatar.com\\\/avatar\\\/b16af3d4c53a3c45bcd7caa3507cfd5911c755f5d1702a589b27b7fa80bb4a64?s=96&d=mm&r=g\",\"url\":\"https:\\\/\\\/secure.gravatar.com\\\/avatar\\\/b16af3d4c53a3c45bcd7caa3507cfd5911c755f5d1702a589b27b7fa80bb4a64?s=96&d=mm&r=g\",\"contentUrl\":\"https:\\\/\\\/secure.gravatar.com\\\/avatar\\\/b16af3d4c53a3c45bcd7caa3507cfd5911c755f5d1702a589b27b7fa80bb4a64?s=96&d=mm&r=g\",\"caption\":\"admin\"},\"sameAs\":[\"https:\\\/\\\/eventkit.ch\"],\"url\":\"https:\\\/\\\/eventkit.ch\\\/?author=1\"}]}<\/script>\n<!-- \/ Yoast SEO plugin. -->","yoast_head_json":{"title":"UEFA Women's EURO 2025 - Neue Massst\u00e4be - EventKit","robots":{"index":"index","follow":"follow","max-snippet":"max-snippet:-1","max-image-preview":"max-image-preview:large","max-video-preview":"max-video-preview:-1"},"canonical":"https:\/\/eventkit.ch\/?p=813","og_locale":"de_DE","og_type":"article","og_title":"UEFA Women's EURO 2025 - Neue Massst\u00e4be - EventKit","og_description":"F\u00fcr die Frauen-EM-Endrunde 2025 hat die UEFA 34 Ma\u00dfnahmen zur Reduzierung des CO\u2082-Fussabdrucks in den Bereichen Klimaschutz, nachhaltige Infrastruktur und Kreislaufwirtschaft umgesetzt. Diese trugen ma\u00dfgeblich zur Verringerung der Auswirkungen des Turniers auf die Umwelt bei.","og_url":"https:\/\/eventkit.ch\/?p=813","og_site_name":"EventKit","article_published_time":"2025-11-26T13:24:17+00:00","article_modified_time":"2026-03-19T10:11:26+00:00","og_image":[{"width":940,"height":628,"url":"https:\/\/eventkit.ch\/wp-content\/uploads\/2025\/11\/Switzerland-v-Netherlands-Group-C-UEFA-Womens-e1764750747328.webp","type":"image\/webp"}],"author":"admin","twitter_card":"summary_large_image","twitter_misc":{"Verfasst von":"admin","Gesch\u00e4tzte Lesezeit":"1\u00a0Minute"},"schema":{"@context":"https:\/\/schema.org","@graph":[{"@type":"Article","@id":"https:\/\/eventkit.ch\/?p=813#article","isPartOf":{"@id":"https:\/\/eventkit.ch\/?p=813"},"author":{"name":"admin","@id":"https:\/\/eventkit.ch\/#\/schema\/person\/253054d6aebf5953b7d44d55f6fa23a6"},"headline":"UEFA Women&#8217;s EURO 2025 &#8211; Neue Massst\u00e4be","datePublished":"2025-11-26T13:24:17+00:00","dateModified":"2026-03-19T10:11:26+00:00","mainEntityOfPage":{"@id":"https:\/\/eventkit.ch\/?p=813"},"wordCount":59,"commentCount":0,"publisher":{"@id":"https:\/\/eventkit.ch\/#organization"},"image":{"@id":"https:\/\/eventkit.ch\/?p=813#primaryimage"},"thumbnailUrl":"https:\/\/eventkit.ch\/wp-content\/uploads\/2025\/11\/Switzerland-v-Netherlands-Group-C-UEFA-Womens-e1764750747328.webp","articleSection":["Barrierefreiheit &amp; Soziales","Gesundheit &amp; Pr\u00e4vention","Management &amp; Kommunikation","Natur &amp; Landschaft","Wirtschaft"],"inLanguage":"de","potentialAction":[{"@type":"CommentAction","name":"Comment","target":["https:\/\/eventkit.ch\/?p=813#respond"]}]},{"@type":"WebPage","@id":"https:\/\/eventkit.ch\/?p=813","url":"https:\/\/eventkit.ch\/?p=813","name":"UEFA Women's EURO 2025 - Neue Massst\u00e4be - EventKit","isPartOf":{"@id":"https:\/\/eventkit.ch\/#website"},"primaryImageOfPage":{"@id":"https:\/\/eventkit.ch\/?p=813#primaryimage"},"image":{"@id":"https:\/\/eventkit.ch\/?p=813#primaryimage"},"thumbnailUrl":"https:\/\/eventkit.ch\/wp-content\/uploads\/2025\/11\/Switzerland-v-Netherlands-Group-C-UEFA-Womens-e1764750747328.webp","datePublished":"2025-11-26T13:24:17+00:00","dateModified":"2026-03-19T10:11:26+00:00","breadcrumb":{"@id":"https:\/\/eventkit.ch\/?p=813#breadcrumb"},"inLanguage":"de","potentialAction":[{"@type":"ReadAction","target":["https:\/\/eventkit.ch\/?p=813"]}]},{"@type":"ImageObject","inLanguage":"de","@id":"https:\/\/eventkit.ch\/?p=813#primaryimage","url":"https:\/\/eventkit.ch\/wp-content\/uploads\/2025\/11\/Switzerland-v-Netherlands-Group-C-UEFA-Womens-e1764750747328.webp","contentUrl":"https:\/\/eventkit.ch\/wp-content\/uploads\/2025\/11\/Switzerland-v-Netherlands-Group-C-UEFA-Womens-e1764750747328.webp","width":940,"height":628,"caption":"\u00a9 UEFA Switzerland v Netherlands Group C"},{"@type":"BreadcrumbList","@id":"https:\/\/eventkit.ch\/?p=813#breadcrumb","itemListElement":[{"@type":"ListItem","position":1,"name":"Home","item":"https:\/\/eventkit.ch\/"},{"@type":"ListItem","position":2,"name":"UEFA Women&#8217;s EURO 2025 &#8211; Neue Massst\u00e4be"}]},{"@type":"WebSite","@id":"https:\/\/eventkit.ch\/#website","url":"https:\/\/eventkit.ch\/","name":"EventKit","description":"Nachhaltigkeit, die wirkt: Dein Event im Check.","publisher":{"@id":"https:\/\/eventkit.ch\/#organization"},"potentialAction":[{"@type":"SearchAction","target":{"@type":"EntryPoint","urlTemplate":"https:\/\/eventkit.ch\/?s={search_term_string}"},"query-input":{"@type":"PropertyValueSpecification","valueRequired":true,"valueName":"search_term_string"}}],"inLanguage":"de"},{"@type":"Organization","@id":"https:\/\/eventkit.ch\/#organization","name":"EventKit","url":"https:\/\/eventkit.ch\/","logo":{"@type":"ImageObject","inLanguage":"de","@id":"https:\/\/eventkit.ch\/#\/schema\/logo\/image\/","url":"https:\/\/eventkit.ch\/wp-content\/uploads\/2025\/11\/android-icon-144x144-1.png","contentUrl":"https:\/\/eventkit.ch\/wp-content\/uploads\/2025\/11\/android-icon-144x144-1.png","width":144,"height":144,"caption":"EventKit"},"image":{"@id":"https:\/\/eventkit.ch\/#\/schema\/logo\/image\/"}},{"@type":"Person","@id":"https:\/\/eventkit.ch\/#\/schema\/person\/253054d6aebf5953b7d44d55f6fa23a6","name":"admin","image":{"@type":"ImageObject","inLanguage":"de","@id":"https:\/\/secure.gravatar.com\/avatar\/b16af3d4c53a3c45bcd7caa3507cfd5911c755f5d1702a589b27b7fa80bb4a64?s=96&d=mm&r=g","url":"https:\/\/secure.gravatar.com\/avatar\/b16af3d4c53a3c45bcd7caa3507cfd5911c755f5d1702a589b27b7fa80bb4a64?s=96&d=mm&r=g","contentUrl":"https:\/\/secure.gravatar.com\/avatar\/b16af3d4c53a3c45bcd7caa3507cfd5911c755f5d1702a589b27b7fa80bb4a64?s=96&d=mm&r=g","caption":"admin"},"sameAs":["https:\/\/eventkit.ch"],"url":"https:\/\/eventkit.ch\/?author=1"}]}},"_links":{"self":[{"href":"https:\/\/eventkit.ch\/index.php?rest_route=\/wp\/v2\/posts\/813","targetHints":{"allow":["GET"]}}],"collection":[{"href":"https:\/\/eventkit.ch\/index.php?rest_route=\/wp\/v2\/posts"}],"about":[{"href":"https:\/\/eventkit.ch\/index.php?rest_route=\/wp\/v2\/types\/post"}],"author":[{"embeddable":true,"href":"https:\/\/eventkit.ch\/index.php?rest_route=\/wp\/v2\/users\/1"}],"replies":[{"embeddable":true,"href":"https:\/\/eventkit.ch\/index.php?rest_route=%2Fwp%2Fv2%2Fcomments&post=813"}],"version-history":[{"count":10,"href":"https:\/\/eventkit.ch\/index.php?rest_route=\/wp\/v2\/posts\/813\/revisions"}],"predecessor-version":[{"id":3719,"href":"https:\/\/eventkit.ch\/index.php?rest_route=\/wp\/v2\/posts\/813\/revisions\/3719"}],"wp:featuredmedia":[{"embeddable":true,"href":"https:\/\/eventkit.ch\/index.php?rest_route=\/wp\/v2\/media\/1140"}],"wp:attachment":[{"href":"https:\/\/eventkit.ch\/index.php?rest_route=%2Fwp%2Fv2%2Fmedia&parent=813"}],"wp:term":[{"taxonomy":"category","embeddable":true,"href":"https:\/\/eventkit.ch\/index.php?rest_route=%2Fwp%2Fv2%2Fcategories&post=813"},{"taxonomy":"post_tag","embeddable":true,"href":"https:\/\/eventkit.ch\/index.php?rest_route=%2Fwp%2Fv2%2Ftags&post=813"},{"taxonomy":"content_type","embeddable":true,"href":"https:\/\/eventkit.ch\/index.php?rest_route=%2Fwp%2Fv2%2Fcontent_type&post=813"}],"curies":[{"name":"wp","href":"https:\/\/api.w.org\/{rel}","templated":true}]}}