{"id":811,"date":"2025-11-26T13:14:31","date_gmt":"2025-11-26T13:14:31","guid":{"rendered":"https:\/\/eventkit.ch\/?p=811"},"modified":"2026-03-03T06:56:31","modified_gmt":"2026-03-03T05:56:31","slug":"swiss-youth-games-lausanne","status":"publish","type":"post","link":"https:\/\/eventkit.ch\/?p=811","title":{"rendered":"Eidgen\u00f6ssisches Turnfest 2025 &#8211; 10 Tage, 300&#8217;000 Besuchende"},"content":{"rendered":"<div class=\"good-practices is-layout-constrained wp-block-sub-good-practices wp-block-sub-good-practices-is-layout-constrained\">\n    \n<div class=\"wp-bootstrap-blocks-row row gp-header\">\n\t\n<div class=\"col-12 col-md-7 gp-header-image\">\n\t\t\t\n<figure class=\"wp-block-post-featured-image\"><img loading=\"lazy\" decoding=\"async\" width=\"1536\" height=\"1024\" src=\"https:\/\/eventkit.ch\/wp-content\/uploads\/2025\/11\/IMG_9303-copie-1536x1024-1.webp\" class=\"attachment-post-thumbnail size-post-thumbnail wp-post-image\" alt=\"\" style=\"object-fit:cover;\" srcset=\"https:\/\/eventkit.ch\/wp-content\/uploads\/2025\/11\/IMG_9303-copie-1536x1024-1.webp 1536w, https:\/\/eventkit.ch\/wp-content\/uploads\/2025\/11\/IMG_9303-copie-1536x1024-1-300x200.webp 300w, https:\/\/eventkit.ch\/wp-content\/uploads\/2025\/11\/IMG_9303-copie-1536x1024-1-1024x683.webp 1024w, https:\/\/eventkit.ch\/wp-content\/uploads\/2025\/11\/IMG_9303-copie-1536x1024-1-768x512.webp 768w\" sizes=\"auto, (max-width: 1536px) 100vw, 1536px\" \/><figcaption class=\"wp-element-caption\">\u00a9 sport-up<\/figcaption><\/figure>\n\t<\/div>\n\n<div class=\"col-12 col-md-5 gp-header-content\">\n\t\t\t\n<h1 class=\"wp-block-post-title\">Eidgen\u00f6ssisches Turnfest 2025 &#8211; 10 Tage, 300&#8217;000 Besuchende<\/h1>\n\n<div class=\"wp-block-buttons is-layout-flex wp-block-buttons-is-layout-flex\"><\/div>\n\t<\/div>\n<\/div>\n\n<p>Indem Nachhaltigkeit in der Governance denselben Stellenwert wie die Finanzen erhielt, hat Lausanne 2025 bewiesen, dass ein grosses Volksereignis strenge, \u00f6kologisches und soziales Engagement sowie Strahlkraft vereinen kann \u2013und dabei gleichzeitig ein ausgeglichenes Budget erreicht.<\/p>\n\n<h2 class=\"wp-block-heading\">Ergebnis<\/h2>\n\n<p>98 % aller Anreisen der Turnerinnen und Turner erfolgten mit alternativen L\u00f6sungen zum Individualverkehr. Die Abfallmenge wurde im Vergleich zur vorherigen Ausgabe halbiert. Das Gastronomieangebot umfasste t\u00e4glich zahlreiche kulinarische Optionen mit minimalem CO\u2082-Fussabdruck und setzte fl\u00e4chendeckend auf Mehrweg- und Pfandsysteme. Beim Merchandising wurde ebenfalls auf Nachhaltigkeit Wert gelegt: 97 % aller Artikel wurden in Europa produziert, was kurze Lieferwege und faire Produktionsbedingungen sicherstellte. Ein weiteres Highlight war die Wiederverkaufsplattform f\u00fcr Material, die nicht nur Einnahmen von \u00fcber einer halben Million Franken erzielte, sondern auch die Lebensdauer von mehr als 10&#8217;000 Ausr\u00fcstungsgegenst\u00e4nden verl\u00e4ngerte.<\/p>\n\n<p>Mehr Informationen unter: <a href=\"https:\/\/eventkit.ch\/wp-content\/uploads\/2026\/03\/Lausanne2025_rapport-durabilite.pdf\" type=\"link\" id=\"https:\/\/eventkit.ch\/wp-content\/uploads\/2026\/03\/Lausanne2025_rapport-durabilite.pdf\">Nachhaltigkeitsbericht<\/a> (nur auf Franz\u00f6sisch).<\/p>\n<\/div><p><\/p>","protected":false},"excerpt":{"rendered":"<p>Nachhaltigkeit war ein integraler Bestandteil des Eidgen\u00f6ssischen Turnfest Lausanne 2025. Soziale, \u00f6kologische und wirtschaftliche\u00a0Aspekte\u00a0wurden\u00a0in\u00a0allen Belangen\u00a0der\u00a0Planung und\u00a0in allen Bereichen der\u00a0Umsetzung des Events einbezogen.<\/p>\n","protected":false},"author":1,"featured_media":1149,"comment_status":"open","ping_status":"open","sticky":false,"template":"","format":"standard","meta":{"_sitemap_exclude":false,"_sitemap_priority":"","_sitemap_frequency":"","_eventkit_result":"","_eventkit_link":"","footnotes":""},"categories":[29,1,33,7],"tags":[],"content_type":[28],"class_list":["post-811","post","type-post","status-publish","format-standard","has-post-thumbnail","hentry","category-energie-infrastruktur","category-lebensmittel","category-material-abfall","category-verkehr-transport","content_type-good-practice"],"yoast_head":"<!-- This site is optimized with the Yoast SEO plugin v27.3 - https:\/\/yoast.com\/product\/yoast-seo-wordpress\/ -->\n<title>Eidgen\u00f6ssisches Turnfest 2025 - 10 Tage, 300&#039;000 Besuchende - EventKit<\/title>\n<meta name=\"robots\" content=\"index, follow, max-snippet:-1, max-image-preview:large, max-video-preview:-1\" \/>\n<link rel=\"canonical\" href=\"https:\/\/eventkit.ch\/?p=811\" \/>\n<meta property=\"og:locale\" content=\"de_DE\" \/>\n<meta property=\"og:type\" content=\"article\" \/>\n<meta property=\"og:title\" content=\"Eidgen\u00f6ssisches Turnfest 2025 - 10 Tage, 300&#039;000 Besuchende - EventKit\" \/>\n<meta property=\"og:description\" content=\"Nachhaltigkeit war ein integraler Bestandteil des Eidgen\u00f6ssischen Turnfest Lausanne 2025. Soziale, \u00f6kologische und wirtschaftliche\u00a0Aspekte\u00a0wurden\u00a0in\u00a0allen Belangen\u00a0der\u00a0Planung und\u00a0in allen Bereichen der\u00a0Umsetzung des Events einbezogen.\" \/>\n<meta property=\"og:url\" content=\"https:\/\/eventkit.ch\/?p=811\" \/>\n<meta property=\"og:site_name\" content=\"EventKit\" \/>\n<meta property=\"article:published_time\" content=\"2025-11-26T13:14:31+00:00\" \/>\n<meta property=\"article:modified_time\" content=\"2026-03-03T05:56:31+00:00\" \/>\n<meta property=\"og:image\" content=\"https:\/\/eventkit.ch\/wp-content\/uploads\/2025\/11\/IMG_9303-copie-1536x1024-1.webp\" \/>\n\t<meta property=\"og:image:width\" content=\"1536\" \/>\n\t<meta property=\"og:image:height\" content=\"1024\" \/>\n\t<meta property=\"og:image:type\" content=\"image\/webp\" \/>\n<meta name=\"author\" content=\"admin\" \/>\n<meta name=\"twitter:card\" content=\"summary_large_image\" \/>\n<meta name=\"twitter:label1\" content=\"Verfasst von\" \/>\n\t<meta name=\"twitter:data1\" content=\"admin\" \/>\n\t<meta name=\"twitter:label2\" content=\"Gesch\u00e4tzte Lesezeit\" \/>\n\t<meta name=\"twitter:data2\" content=\"1\u00a0Minute\" \/>\n<script type=\"application\/ld+json\" class=\"yoast-schema-graph\">{\"@context\":\"https:\\\/\\\/schema.org\",\"@graph\":[{\"@type\":\"Article\",\"@id\":\"https:\\\/\\\/eventkit.ch\\\/?p=811#article\",\"isPartOf\":{\"@id\":\"https:\\\/\\\/eventkit.ch\\\/?p=811\"},\"author\":{\"name\":\"admin\",\"@id\":\"https:\\\/\\\/eventkit.ch\\\/#\\\/schema\\\/person\\\/253054d6aebf5953b7d44d55f6fa23a6\"},\"headline\":\"Eidgen\u00f6ssisches Turnfest 2025 &#8211; 10 Tage, 300&#8217;000 Besuchende\",\"datePublished\":\"2025-11-26T13:14:31+00:00\",\"dateModified\":\"2026-03-03T05:56:31+00:00\",\"mainEntityOfPage\":{\"@id\":\"https:\\\/\\\/eventkit.ch\\\/?p=811\"},\"wordCount\":144,\"commentCount\":0,\"publisher\":{\"@id\":\"https:\\\/\\\/eventkit.ch\\\/#organization\"},\"image\":{\"@id\":\"https:\\\/\\\/eventkit.ch\\\/?p=811#primaryimage\"},\"thumbnailUrl\":\"https:\\\/\\\/eventkit.ch\\\/wp-content\\\/uploads\\\/2025\\\/11\\\/IMG_9303-copie-1536x1024-1.webp\",\"articleSection\":[\"Energie &amp; Infrastruktur\",\"Lebensmittel\",\"Material &amp; Abfall\",\"Verkehr &amp; Transport\"],\"inLanguage\":\"de\",\"potentialAction\":[{\"@type\":\"CommentAction\",\"name\":\"Comment\",\"target\":[\"https:\\\/\\\/eventkit.ch\\\/?p=811#respond\"]}]},{\"@type\":\"WebPage\",\"@id\":\"https:\\\/\\\/eventkit.ch\\\/?p=811\",\"url\":\"https:\\\/\\\/eventkit.ch\\\/?p=811\",\"name\":\"Eidgen\u00f6ssisches Turnfest 2025 - 10 Tage, 300'000 Besuchende - EventKit\",\"isPartOf\":{\"@id\":\"https:\\\/\\\/eventkit.ch\\\/#website\"},\"primaryImageOfPage\":{\"@id\":\"https:\\\/\\\/eventkit.ch\\\/?p=811#primaryimage\"},\"image\":{\"@id\":\"https:\\\/\\\/eventkit.ch\\\/?p=811#primaryimage\"},\"thumbnailUrl\":\"https:\\\/\\\/eventkit.ch\\\/wp-content\\\/uploads\\\/2025\\\/11\\\/IMG_9303-copie-1536x1024-1.webp\",\"datePublished\":\"2025-11-26T13:14:31+00:00\",\"dateModified\":\"2026-03-03T05:56:31+00:00\",\"breadcrumb\":{\"@id\":\"https:\\\/\\\/eventkit.ch\\\/?p=811#breadcrumb\"},\"inLanguage\":\"de\",\"potentialAction\":[{\"@type\":\"ReadAction\",\"target\":[\"https:\\\/\\\/eventkit.ch\\\/?p=811\"]}]},{\"@type\":\"ImageObject\",\"inLanguage\":\"de\",\"@id\":\"https:\\\/\\\/eventkit.ch\\\/?p=811#primaryimage\",\"url\":\"https:\\\/\\\/eventkit.ch\\\/wp-content\\\/uploads\\\/2025\\\/11\\\/IMG_9303-copie-1536x1024-1.webp\",\"contentUrl\":\"https:\\\/\\\/eventkit.ch\\\/wp-content\\\/uploads\\\/2025\\\/11\\\/IMG_9303-copie-1536x1024-1.webp\",\"width\":1536,\"height\":1024,\"caption\":\"\u00a9 sport-up\"},{\"@type\":\"BreadcrumbList\",\"@id\":\"https:\\\/\\\/eventkit.ch\\\/?p=811#breadcrumb\",\"itemListElement\":[{\"@type\":\"ListItem\",\"position\":1,\"name\":\"Home\",\"item\":\"https:\\\/\\\/eventkit.ch\\\/\"},{\"@type\":\"ListItem\",\"position\":2,\"name\":\"Eidgen\u00f6ssisches Turnfest 2025 &#8211; 10 Tage, 300&#8217;000 Besuchende\"}]},{\"@type\":\"WebSite\",\"@id\":\"https:\\\/\\\/eventkit.ch\\\/#website\",\"url\":\"https:\\\/\\\/eventkit.ch\\\/\",\"name\":\"EventKit\",\"description\":\"Nachhaltigkeit, die wirkt: Dein Event im Check.\",\"publisher\":{\"@id\":\"https:\\\/\\\/eventkit.ch\\\/#organization\"},\"potentialAction\":[{\"@type\":\"SearchAction\",\"target\":{\"@type\":\"EntryPoint\",\"urlTemplate\":\"https:\\\/\\\/eventkit.ch\\\/?s={search_term_string}\"},\"query-input\":{\"@type\":\"PropertyValueSpecification\",\"valueRequired\":true,\"valueName\":\"search_term_string\"}}],\"inLanguage\":\"de\"},{\"@type\":\"Organization\",\"@id\":\"https:\\\/\\\/eventkit.ch\\\/#organization\",\"name\":\"EventKit\",\"url\":\"https:\\\/\\\/eventkit.ch\\\/\",\"logo\":{\"@type\":\"ImageObject\",\"inLanguage\":\"de\",\"@id\":\"https:\\\/\\\/eventkit.ch\\\/#\\\/schema\\\/logo\\\/image\\\/\",\"url\":\"https:\\\/\\\/eventkit.ch\\\/wp-content\\\/uploads\\\/2025\\\/11\\\/android-icon-144x144-1.png\",\"contentUrl\":\"https:\\\/\\\/eventkit.ch\\\/wp-content\\\/uploads\\\/2025\\\/11\\\/android-icon-144x144-1.png\",\"width\":144,\"height\":144,\"caption\":\"EventKit\"},\"image\":{\"@id\":\"https:\\\/\\\/eventkit.ch\\\/#\\\/schema\\\/logo\\\/image\\\/\"}},{\"@type\":\"Person\",\"@id\":\"https:\\\/\\\/eventkit.ch\\\/#\\\/schema\\\/person\\\/253054d6aebf5953b7d44d55f6fa23a6\",\"name\":\"admin\",\"image\":{\"@type\":\"ImageObject\",\"inLanguage\":\"de\",\"@id\":\"https:\\\/\\\/secure.gravatar.com\\\/avatar\\\/b16af3d4c53a3c45bcd7caa3507cfd5911c755f5d1702a589b27b7fa80bb4a64?s=96&d=mm&r=g\",\"url\":\"https:\\\/\\\/secure.gravatar.com\\\/avatar\\\/b16af3d4c53a3c45bcd7caa3507cfd5911c755f5d1702a589b27b7fa80bb4a64?s=96&d=mm&r=g\",\"contentUrl\":\"https:\\\/\\\/secure.gravatar.com\\\/avatar\\\/b16af3d4c53a3c45bcd7caa3507cfd5911c755f5d1702a589b27b7fa80bb4a64?s=96&d=mm&r=g\",\"caption\":\"admin\"},\"sameAs\":[\"https:\\\/\\\/eventkit.ch\"],\"url\":\"https:\\\/\\\/eventkit.ch\\\/?author=1\"}]}<\/script>\n<!-- \/ Yoast SEO plugin. -->","yoast_head_json":{"title":"Eidgen\u00f6ssisches Turnfest 2025 - 10 Tage, 300'000 Besuchende - EventKit","robots":{"index":"index","follow":"follow","max-snippet":"max-snippet:-1","max-image-preview":"max-image-preview:large","max-video-preview":"max-video-preview:-1"},"canonical":"https:\/\/eventkit.ch\/?p=811","og_locale":"de_DE","og_type":"article","og_title":"Eidgen\u00f6ssisches Turnfest 2025 - 10 Tage, 300'000 Besuchende - EventKit","og_description":"Nachhaltigkeit war ein integraler Bestandteil des Eidgen\u00f6ssischen Turnfest Lausanne 2025. Soziale, \u00f6kologische und wirtschaftliche\u00a0Aspekte\u00a0wurden\u00a0in\u00a0allen Belangen\u00a0der\u00a0Planung und\u00a0in allen Bereichen der\u00a0Umsetzung des Events einbezogen.","og_url":"https:\/\/eventkit.ch\/?p=811","og_site_name":"EventKit","article_published_time":"2025-11-26T13:14:31+00:00","article_modified_time":"2026-03-03T05:56:31+00:00","og_image":[{"width":1536,"height":1024,"url":"https:\/\/eventkit.ch\/wp-content\/uploads\/2025\/11\/IMG_9303-copie-1536x1024-1.webp","type":"image\/webp"}],"author":"admin","twitter_card":"summary_large_image","twitter_misc":{"Verfasst von":"admin","Gesch\u00e4tzte Lesezeit":"1\u00a0Minute"},"schema":{"@context":"https:\/\/schema.org","@graph":[{"@type":"Article","@id":"https:\/\/eventkit.ch\/?p=811#article","isPartOf":{"@id":"https:\/\/eventkit.ch\/?p=811"},"author":{"name":"admin","@id":"https:\/\/eventkit.ch\/#\/schema\/person\/253054d6aebf5953b7d44d55f6fa23a6"},"headline":"Eidgen\u00f6ssisches Turnfest 2025 &#8211; 10 Tage, 300&#8217;000 Besuchende","datePublished":"2025-11-26T13:14:31+00:00","dateModified":"2026-03-03T05:56:31+00:00","mainEntityOfPage":{"@id":"https:\/\/eventkit.ch\/?p=811"},"wordCount":144,"commentCount":0,"publisher":{"@id":"https:\/\/eventkit.ch\/#organization"},"image":{"@id":"https:\/\/eventkit.ch\/?p=811#primaryimage"},"thumbnailUrl":"https:\/\/eventkit.ch\/wp-content\/uploads\/2025\/11\/IMG_9303-copie-1536x1024-1.webp","articleSection":["Energie &amp; Infrastruktur","Lebensmittel","Material &amp; Abfall","Verkehr &amp; Transport"],"inLanguage":"de","potentialAction":[{"@type":"CommentAction","name":"Comment","target":["https:\/\/eventkit.ch\/?p=811#respond"]}]},{"@type":"WebPage","@id":"https:\/\/eventkit.ch\/?p=811","url":"https:\/\/eventkit.ch\/?p=811","name":"Eidgen\u00f6ssisches Turnfest 2025 - 10 Tage, 300'000 Besuchende - EventKit","isPartOf":{"@id":"https:\/\/eventkit.ch\/#website"},"primaryImageOfPage":{"@id":"https:\/\/eventkit.ch\/?p=811#primaryimage"},"image":{"@id":"https:\/\/eventkit.ch\/?p=811#primaryimage"},"thumbnailUrl":"https:\/\/eventkit.ch\/wp-content\/uploads\/2025\/11\/IMG_9303-copie-1536x1024-1.webp","datePublished":"2025-11-26T13:14:31+00:00","dateModified":"2026-03-03T05:56:31+00:00","breadcrumb":{"@id":"https:\/\/eventkit.ch\/?p=811#breadcrumb"},"inLanguage":"de","potentialAction":[{"@type":"ReadAction","target":["https:\/\/eventkit.ch\/?p=811"]}]},{"@type":"ImageObject","inLanguage":"de","@id":"https:\/\/eventkit.ch\/?p=811#primaryimage","url":"https:\/\/eventkit.ch\/wp-content\/uploads\/2025\/11\/IMG_9303-copie-1536x1024-1.webp","contentUrl":"https:\/\/eventkit.ch\/wp-content\/uploads\/2025\/11\/IMG_9303-copie-1536x1024-1.webp","width":1536,"height":1024,"caption":"\u00a9 sport-up"},{"@type":"BreadcrumbList","@id":"https:\/\/eventkit.ch\/?p=811#breadcrumb","itemListElement":[{"@type":"ListItem","position":1,"name":"Home","item":"https:\/\/eventkit.ch\/"},{"@type":"ListItem","position":2,"name":"Eidgen\u00f6ssisches Turnfest 2025 &#8211; 10 Tage, 300&#8217;000 Besuchende"}]},{"@type":"WebSite","@id":"https:\/\/eventkit.ch\/#website","url":"https:\/\/eventkit.ch\/","name":"EventKit","description":"Nachhaltigkeit, die wirkt: Dein Event im Check.","publisher":{"@id":"https:\/\/eventkit.ch\/#organization"},"potentialAction":[{"@type":"SearchAction","target":{"@type":"EntryPoint","urlTemplate":"https:\/\/eventkit.ch\/?s={search_term_string}"},"query-input":{"@type":"PropertyValueSpecification","valueRequired":true,"valueName":"search_term_string"}}],"inLanguage":"de"},{"@type":"Organization","@id":"https:\/\/eventkit.ch\/#organization","name":"EventKit","url":"https:\/\/eventkit.ch\/","logo":{"@type":"ImageObject","inLanguage":"de","@id":"https:\/\/eventkit.ch\/#\/schema\/logo\/image\/","url":"https:\/\/eventkit.ch\/wp-content\/uploads\/2025\/11\/android-icon-144x144-1.png","contentUrl":"https:\/\/eventkit.ch\/wp-content\/uploads\/2025\/11\/android-icon-144x144-1.png","width":144,"height":144,"caption":"EventKit"},"image":{"@id":"https:\/\/eventkit.ch\/#\/schema\/logo\/image\/"}},{"@type":"Person","@id":"https:\/\/eventkit.ch\/#\/schema\/person\/253054d6aebf5953b7d44d55f6fa23a6","name":"admin","image":{"@type":"ImageObject","inLanguage":"de","@id":"https:\/\/secure.gravatar.com\/avatar\/b16af3d4c53a3c45bcd7caa3507cfd5911c755f5d1702a589b27b7fa80bb4a64?s=96&d=mm&r=g","url":"https:\/\/secure.gravatar.com\/avatar\/b16af3d4c53a3c45bcd7caa3507cfd5911c755f5d1702a589b27b7fa80bb4a64?s=96&d=mm&r=g","contentUrl":"https:\/\/secure.gravatar.com\/avatar\/b16af3d4c53a3c45bcd7caa3507cfd5911c755f5d1702a589b27b7fa80bb4a64?s=96&d=mm&r=g","caption":"admin"},"sameAs":["https:\/\/eventkit.ch"],"url":"https:\/\/eventkit.ch\/?author=1"}]}},"_links":{"self":[{"href":"https:\/\/eventkit.ch\/index.php?rest_route=\/wp\/v2\/posts\/811","targetHints":{"allow":["GET"]}}],"collection":[{"href":"https:\/\/eventkit.ch\/index.php?rest_route=\/wp\/v2\/posts"}],"about":[{"href":"https:\/\/eventkit.ch\/index.php?rest_route=\/wp\/v2\/types\/post"}],"author":[{"embeddable":true,"href":"https:\/\/eventkit.ch\/index.php?rest_route=\/wp\/v2\/users\/1"}],"replies":[{"embeddable":true,"href":"https:\/\/eventkit.ch\/index.php?rest_route=%2Fwp%2Fv2%2Fcomments&post=811"}],"version-history":[{"count":13,"href":"https:\/\/eventkit.ch\/index.php?rest_route=\/wp\/v2\/posts\/811\/revisions"}],"predecessor-version":[{"id":3661,"href":"https:\/\/eventkit.ch\/index.php?rest_route=\/wp\/v2\/posts\/811\/revisions\/3661"}],"wp:featuredmedia":[{"embeddable":true,"href":"https:\/\/eventkit.ch\/index.php?rest_route=\/wp\/v2\/media\/1149"}],"wp:attachment":[{"href":"https:\/\/eventkit.ch\/index.php?rest_route=%2Fwp%2Fv2%2Fmedia&parent=811"}],"wp:term":[{"taxonomy":"category","embeddable":true,"href":"https:\/\/eventkit.ch\/index.php?rest_route=%2Fwp%2Fv2%2Fcategories&post=811"},{"taxonomy":"post_tag","embeddable":true,"href":"https:\/\/eventkit.ch\/index.php?rest_route=%2Fwp%2Fv2%2Ftags&post=811"},{"taxonomy":"content_type","embeddable":true,"href":"https:\/\/eventkit.ch\/index.php?rest_route=%2Fwp%2Fv2%2Fcontent_type&post=811"}],"curies":[{"name":"wp","href":"https:\/\/api.w.org\/{rel}","templated":true}]}}