{"id":1663,"date":"2025-12-14T21:20:20","date_gmt":"2025-12-14T21:20:20","guid":{"rendered":"https:\/\/eventkit.ch\/?p=1663"},"modified":"2026-04-15T14:43:26","modified_gmt":"2026-04-15T12:43:26","slug":"esc-2025-beispiel-katja","status":"publish","type":"post","link":"https:\/\/eventkit.ch\/?p=1663","title":{"rendered":"ESC 2025 &#8211; Inklusiv, sicher und verantwortungsvoll"},"content":{"rendered":"<div class=\"good-practices is-layout-constrained wp-block-sub-good-practices wp-block-sub-good-practices-is-layout-constrained\">\n    \n<div class=\"wp-bootstrap-blocks-row row gp-header\">\n\t\n<div class=\"col-12 col-md-7 gp-header-image\">\n\t\t\t\n<figure class=\"wp-block-post-featured-image\"><img loading=\"lazy\" decoding=\"async\" width=\"1024\" height=\"683\" src=\"https:\/\/eventkit.ch\/wp-content\/uploads\/2025\/12\/prvw.jpg\" class=\"attachment-post-thumbnail size-post-thumbnail wp-post-image\" alt=\"\" style=\"object-fit:cover;\" srcset=\"https:\/\/eventkit.ch\/wp-content\/uploads\/2025\/12\/prvw.jpg 1024w, https:\/\/eventkit.ch\/wp-content\/uploads\/2025\/12\/prvw-300x200.jpg 300w, https:\/\/eventkit.ch\/wp-content\/uploads\/2025\/12\/prvw-768x512.jpg 768w\" sizes=\"auto, (max-width: 1024px) 100vw, 1024px\" \/><figcaption class=\"wp-element-caption\">\u00a9 ESC 2025 Kanton Basel Stadt<\/figcaption><\/figure>\n\t<\/div>\n\n<div class=\"col-12 col-md-5 gp-header-content\">\n\t\t\t\n<h1 class=\"wp-block-post-title\">ESC 2025 &#8211; Inklusiv, sicher und verantwortungsvoll<\/h1>\n\n<div class=\"wp-block-buttons is-layout-flex wp-block-buttons-is-layout-flex\"><\/div>\n\t<\/div>\n<\/div>\n\n<p>Der ESC 2025 in Basel mit rund 500&#8217;000 Besuchenden bot eine ideale Gelegenheit, f\u00fcr Nachhaltigkeit zu sensibilisieren. Massnahmen wie Barrierefreiheit, Abfalltrennung und Recycling wurden vom Publikum positiv bewertet. Der Nachhaltigkeitsbericht zum ESC erfasste soziale, \u00f6kologische und wirtschaftliche Auswirkungen auf Basis von Befragungen von \u00fcber 2\u2019000 Personen sowie ausgewerteter Standortdaten.&nbsp;<\/p>\n\n<h2 class=\"wp-block-heading\">Ergebnis<\/h2>\n\n<p>Die Empfehlung zur Anreise mit \u00f6ffentlichen Verkehrsmitteln zeigte Wirkung: 78% der G\u00e4ste nutzten \u00d6V oder Langsamverkehr, innerhalb Basels sogar 91%. <\/p>\n\n<h2 class=\"wp-block-heading\">Link<\/h2>\n\n<p>Mehr Informationen unter <a href=\"https:\/\/www.bs.ch\/medienmitteilungen\/pd\/2025-basel-zieht-positive-bilanz-zum-eurovision-song-contest\" target=\"_blank\" rel=\"noreferrer noopener\">Pressemitteilung<\/a> und im <a href=\"https:\/\/app.eventkit.ch\/events\/76a0aa87-cc7b-4f9c-b62a-ee953a689329\">Eventprofil<\/a><\/p>\n\n<p><\/p>\n<\/div>","protected":false},"excerpt":{"rendered":"<p>Der ESC 2025 in Basel mit rund 500&#8217;000 Besuchenden bot eine ideale Gelegenheit, f\u00fcr Nachhaltigkeit zu sensibilisieren. Massnahmen wie Barrierefreiheit, Abfalltrennung und Recycling wurden vom Publikum positiv bewertet. <\/p>\n","protected":false},"author":2,"featured_media":3772,"comment_status":"open","ping_status":"open","sticky":false,"template":"","format":"standard","meta":{"_sitemap_exclude":false,"_sitemap_priority":"","_sitemap_frequency":"","_eventkit_result":"","_eventkit_link":"","footnotes":""},"categories":[29,1,33,7],"tags":[],"content_type":[28],"class_list":["post-1663","post","type-post","status-publish","format-standard","has-post-thumbnail","hentry","category-energie-infrastruktur","category-lebensmittel","category-material-abfall","category-verkehr-transport","content_type-good-practice"],"yoast_head":"<!-- This site is optimized with the Yoast SEO plugin v27.3 - https:\/\/yoast.com\/product\/yoast-seo-wordpress\/ -->\n<title>ESC 2025 - Inklusiv, sicher und verantwortungsvoll - EventKit<\/title>\n<meta name=\"robots\" content=\"index, follow, max-snippet:-1, max-image-preview:large, max-video-preview:-1\" \/>\n<link rel=\"canonical\" href=\"https:\/\/eventkit.ch\/?p=1663\" \/>\n<meta property=\"og:locale\" content=\"de_DE\" \/>\n<meta property=\"og:type\" content=\"article\" \/>\n<meta property=\"og:title\" content=\"ESC 2025 - Inklusiv, sicher und verantwortungsvoll - EventKit\" \/>\n<meta property=\"og:description\" content=\"Der ESC 2025 in Basel mit rund 500&#039;000 Besuchenden bot eine ideale Gelegenheit, f\u00fcr Nachhaltigkeit zu sensibilisieren. Massnahmen wie Barrierefreiheit, Abfalltrennung und Recycling wurden vom Publikum positiv bewertet.\" \/>\n<meta property=\"og:url\" content=\"https:\/\/eventkit.ch\/?p=1663\" \/>\n<meta property=\"og:site_name\" content=\"EventKit\" \/>\n<meta property=\"article:published_time\" content=\"2025-12-14T21:20:20+00:00\" \/>\n<meta property=\"article:modified_time\" content=\"2026-04-15T12:43:26+00:00\" \/>\n<meta property=\"og:image\" content=\"https:\/\/eventkit.ch\/wp-content\/uploads\/2025\/12\/prvw.jpg\" \/>\n\t<meta property=\"og:image:width\" content=\"1024\" \/>\n\t<meta property=\"og:image:height\" content=\"683\" \/>\n\t<meta property=\"og:image:type\" content=\"image\/jpeg\" \/>\n<meta name=\"author\" content=\"Katja\" \/>\n<meta name=\"twitter:card\" content=\"summary_large_image\" \/>\n<meta name=\"twitter:label1\" content=\"Verfasst von\" \/>\n\t<meta name=\"twitter:data1\" content=\"Katja\" \/>\n\t<meta name=\"twitter:label2\" content=\"Gesch\u00e4tzte Lesezeit\" \/>\n\t<meta name=\"twitter:data2\" content=\"1\u00a0Minute\" \/>\n<script type=\"application\/ld+json\" class=\"yoast-schema-graph\">{\"@context\":\"https:\\\/\\\/schema.org\",\"@graph\":[{\"@type\":\"Article\",\"@id\":\"https:\\\/\\\/eventkit.ch\\\/?p=1663#article\",\"isPartOf\":{\"@id\":\"https:\\\/\\\/eventkit.ch\\\/?p=1663\"},\"author\":{\"name\":\"Katja\",\"@id\":\"https:\\\/\\\/eventkit.ch\\\/#\\\/schema\\\/person\\\/a20987df8d940bca4344c6ce018631d9\"},\"headline\":\"ESC 2025 &#8211; Inklusiv, sicher und verantwortungsvoll\",\"datePublished\":\"2025-12-14T21:20:20+00:00\",\"dateModified\":\"2026-04-15T12:43:26+00:00\",\"mainEntityOfPage\":{\"@id\":\"https:\\\/\\\/eventkit.ch\\\/?p=1663\"},\"wordCount\":82,\"commentCount\":0,\"publisher\":{\"@id\":\"https:\\\/\\\/eventkit.ch\\\/#organization\"},\"image\":{\"@id\":\"https:\\\/\\\/eventkit.ch\\\/?p=1663#primaryimage\"},\"thumbnailUrl\":\"https:\\\/\\\/eventkit.ch\\\/wp-content\\\/uploads\\\/2025\\\/12\\\/prvw.jpg\",\"articleSection\":[\"Energie &amp; Infrastruktur\",\"Lebensmittel\",\"Material &amp; Abfall\",\"Verkehr &amp; Transport\"],\"inLanguage\":\"de\",\"potentialAction\":[{\"@type\":\"CommentAction\",\"name\":\"Comment\",\"target\":[\"https:\\\/\\\/eventkit.ch\\\/?p=1663#respond\"]}]},{\"@type\":\"WebPage\",\"@id\":\"https:\\\/\\\/eventkit.ch\\\/?p=1663\",\"url\":\"https:\\\/\\\/eventkit.ch\\\/?p=1663\",\"name\":\"ESC 2025 - Inklusiv, sicher und verantwortungsvoll - EventKit\",\"isPartOf\":{\"@id\":\"https:\\\/\\\/eventkit.ch\\\/#website\"},\"primaryImageOfPage\":{\"@id\":\"https:\\\/\\\/eventkit.ch\\\/?p=1663#primaryimage\"},\"image\":{\"@id\":\"https:\\\/\\\/eventkit.ch\\\/?p=1663#primaryimage\"},\"thumbnailUrl\":\"https:\\\/\\\/eventkit.ch\\\/wp-content\\\/uploads\\\/2025\\\/12\\\/prvw.jpg\",\"datePublished\":\"2025-12-14T21:20:20+00:00\",\"dateModified\":\"2026-04-15T12:43:26+00:00\",\"breadcrumb\":{\"@id\":\"https:\\\/\\\/eventkit.ch\\\/?p=1663#breadcrumb\"},\"inLanguage\":\"de\",\"potentialAction\":[{\"@type\":\"ReadAction\",\"target\":[\"https:\\\/\\\/eventkit.ch\\\/?p=1663\"]}]},{\"@type\":\"ImageObject\",\"inLanguage\":\"de\",\"@id\":\"https:\\\/\\\/eventkit.ch\\\/?p=1663#primaryimage\",\"url\":\"https:\\\/\\\/eventkit.ch\\\/wp-content\\\/uploads\\\/2025\\\/12\\\/prvw.jpg\",\"contentUrl\":\"https:\\\/\\\/eventkit.ch\\\/wp-content\\\/uploads\\\/2025\\\/12\\\/prvw.jpg\",\"width\":1024,\"height\":683,\"caption\":\"\u00a9 ESC 2025 Kanton Basel Stadt\"},{\"@type\":\"BreadcrumbList\",\"@id\":\"https:\\\/\\\/eventkit.ch\\\/?p=1663#breadcrumb\",\"itemListElement\":[{\"@type\":\"ListItem\",\"position\":1,\"name\":\"Home\",\"item\":\"https:\\\/\\\/eventkit.ch\\\/\"},{\"@type\":\"ListItem\",\"position\":2,\"name\":\"ESC 2025 &#8211; Inklusiv, sicher und verantwortungsvoll\"}]},{\"@type\":\"WebSite\",\"@id\":\"https:\\\/\\\/eventkit.ch\\\/#website\",\"url\":\"https:\\\/\\\/eventkit.ch\\\/\",\"name\":\"EventKit\",\"description\":\"Nachhaltigkeit, die wirkt: Dein Event im Check.\",\"publisher\":{\"@id\":\"https:\\\/\\\/eventkit.ch\\\/#organization\"},\"potentialAction\":[{\"@type\":\"SearchAction\",\"target\":{\"@type\":\"EntryPoint\",\"urlTemplate\":\"https:\\\/\\\/eventkit.ch\\\/?s={search_term_string}\"},\"query-input\":{\"@type\":\"PropertyValueSpecification\",\"valueRequired\":true,\"valueName\":\"search_term_string\"}}],\"inLanguage\":\"de\"},{\"@type\":\"Organization\",\"@id\":\"https:\\\/\\\/eventkit.ch\\\/#organization\",\"name\":\"EventKit\",\"url\":\"https:\\\/\\\/eventkit.ch\\\/\",\"logo\":{\"@type\":\"ImageObject\",\"inLanguage\":\"de\",\"@id\":\"https:\\\/\\\/eventkit.ch\\\/#\\\/schema\\\/logo\\\/image\\\/\",\"url\":\"https:\\\/\\\/eventkit.ch\\\/wp-content\\\/uploads\\\/2025\\\/11\\\/android-icon-144x144-1.png\",\"contentUrl\":\"https:\\\/\\\/eventkit.ch\\\/wp-content\\\/uploads\\\/2025\\\/11\\\/android-icon-144x144-1.png\",\"width\":144,\"height\":144,\"caption\":\"EventKit\"},\"image\":{\"@id\":\"https:\\\/\\\/eventkit.ch\\\/#\\\/schema\\\/logo\\\/image\\\/\"}},{\"@type\":\"Person\",\"@id\":\"https:\\\/\\\/eventkit.ch\\\/#\\\/schema\\\/person\\\/a20987df8d940bca4344c6ce018631d9\",\"name\":\"Katja\",\"image\":{\"@type\":\"ImageObject\",\"inLanguage\":\"de\",\"@id\":\"https:\\\/\\\/secure.gravatar.com\\\/avatar\\\/b1ac77cf619224437a070ec3316a8273c298565442444c0bbcb8bdb8751497b7?s=96&d=mm&r=g\",\"url\":\"https:\\\/\\\/secure.gravatar.com\\\/avatar\\\/b1ac77cf619224437a070ec3316a8273c298565442444c0bbcb8bdb8751497b7?s=96&d=mm&r=g\",\"contentUrl\":\"https:\\\/\\\/secure.gravatar.com\\\/avatar\\\/b1ac77cf619224437a070ec3316a8273c298565442444c0bbcb8bdb8751497b7?s=96&d=mm&r=g\",\"caption\":\"Katja\"},\"url\":\"https:\\\/\\\/eventkit.ch\\\/?author=2\"}]}<\/script>\n<!-- \/ Yoast SEO plugin. -->","yoast_head_json":{"title":"ESC 2025 - Inklusiv, sicher und verantwortungsvoll - EventKit","robots":{"index":"index","follow":"follow","max-snippet":"max-snippet:-1","max-image-preview":"max-image-preview:large","max-video-preview":"max-video-preview:-1"},"canonical":"https:\/\/eventkit.ch\/?p=1663","og_locale":"de_DE","og_type":"article","og_title":"ESC 2025 - Inklusiv, sicher und verantwortungsvoll - EventKit","og_description":"Der ESC 2025 in Basel mit rund 500'000 Besuchenden bot eine ideale Gelegenheit, f\u00fcr Nachhaltigkeit zu sensibilisieren. Massnahmen wie Barrierefreiheit, Abfalltrennung und Recycling wurden vom Publikum positiv bewertet.","og_url":"https:\/\/eventkit.ch\/?p=1663","og_site_name":"EventKit","article_published_time":"2025-12-14T21:20:20+00:00","article_modified_time":"2026-04-15T12:43:26+00:00","og_image":[{"width":1024,"height":683,"url":"https:\/\/eventkit.ch\/wp-content\/uploads\/2025\/12\/prvw.jpg","type":"image\/jpeg"}],"author":"Katja","twitter_card":"summary_large_image","twitter_misc":{"Verfasst von":"Katja","Gesch\u00e4tzte Lesezeit":"1\u00a0Minute"},"schema":{"@context":"https:\/\/schema.org","@graph":[{"@type":"Article","@id":"https:\/\/eventkit.ch\/?p=1663#article","isPartOf":{"@id":"https:\/\/eventkit.ch\/?p=1663"},"author":{"name":"Katja","@id":"https:\/\/eventkit.ch\/#\/schema\/person\/a20987df8d940bca4344c6ce018631d9"},"headline":"ESC 2025 &#8211; Inklusiv, sicher und verantwortungsvoll","datePublished":"2025-12-14T21:20:20+00:00","dateModified":"2026-04-15T12:43:26+00:00","mainEntityOfPage":{"@id":"https:\/\/eventkit.ch\/?p=1663"},"wordCount":82,"commentCount":0,"publisher":{"@id":"https:\/\/eventkit.ch\/#organization"},"image":{"@id":"https:\/\/eventkit.ch\/?p=1663#primaryimage"},"thumbnailUrl":"https:\/\/eventkit.ch\/wp-content\/uploads\/2025\/12\/prvw.jpg","articleSection":["Energie &amp; Infrastruktur","Lebensmittel","Material &amp; Abfall","Verkehr &amp; Transport"],"inLanguage":"de","potentialAction":[{"@type":"CommentAction","name":"Comment","target":["https:\/\/eventkit.ch\/?p=1663#respond"]}]},{"@type":"WebPage","@id":"https:\/\/eventkit.ch\/?p=1663","url":"https:\/\/eventkit.ch\/?p=1663","name":"ESC 2025 - Inklusiv, sicher und verantwortungsvoll - EventKit","isPartOf":{"@id":"https:\/\/eventkit.ch\/#website"},"primaryImageOfPage":{"@id":"https:\/\/eventkit.ch\/?p=1663#primaryimage"},"image":{"@id":"https:\/\/eventkit.ch\/?p=1663#primaryimage"},"thumbnailUrl":"https:\/\/eventkit.ch\/wp-content\/uploads\/2025\/12\/prvw.jpg","datePublished":"2025-12-14T21:20:20+00:00","dateModified":"2026-04-15T12:43:26+00:00","breadcrumb":{"@id":"https:\/\/eventkit.ch\/?p=1663#breadcrumb"},"inLanguage":"de","potentialAction":[{"@type":"ReadAction","target":["https:\/\/eventkit.ch\/?p=1663"]}]},{"@type":"ImageObject","inLanguage":"de","@id":"https:\/\/eventkit.ch\/?p=1663#primaryimage","url":"https:\/\/eventkit.ch\/wp-content\/uploads\/2025\/12\/prvw.jpg","contentUrl":"https:\/\/eventkit.ch\/wp-content\/uploads\/2025\/12\/prvw.jpg","width":1024,"height":683,"caption":"\u00a9 ESC 2025 Kanton Basel Stadt"},{"@type":"BreadcrumbList","@id":"https:\/\/eventkit.ch\/?p=1663#breadcrumb","itemListElement":[{"@type":"ListItem","position":1,"name":"Home","item":"https:\/\/eventkit.ch\/"},{"@type":"ListItem","position":2,"name":"ESC 2025 &#8211; Inklusiv, sicher und verantwortungsvoll"}]},{"@type":"WebSite","@id":"https:\/\/eventkit.ch\/#website","url":"https:\/\/eventkit.ch\/","name":"EventKit","description":"Nachhaltigkeit, die wirkt: Dein Event im Check.","publisher":{"@id":"https:\/\/eventkit.ch\/#organization"},"potentialAction":[{"@type":"SearchAction","target":{"@type":"EntryPoint","urlTemplate":"https:\/\/eventkit.ch\/?s={search_term_string}"},"query-input":{"@type":"PropertyValueSpecification","valueRequired":true,"valueName":"search_term_string"}}],"inLanguage":"de"},{"@type":"Organization","@id":"https:\/\/eventkit.ch\/#organization","name":"EventKit","url":"https:\/\/eventkit.ch\/","logo":{"@type":"ImageObject","inLanguage":"de","@id":"https:\/\/eventkit.ch\/#\/schema\/logo\/image\/","url":"https:\/\/eventkit.ch\/wp-content\/uploads\/2025\/11\/android-icon-144x144-1.png","contentUrl":"https:\/\/eventkit.ch\/wp-content\/uploads\/2025\/11\/android-icon-144x144-1.png","width":144,"height":144,"caption":"EventKit"},"image":{"@id":"https:\/\/eventkit.ch\/#\/schema\/logo\/image\/"}},{"@type":"Person","@id":"https:\/\/eventkit.ch\/#\/schema\/person\/a20987df8d940bca4344c6ce018631d9","name":"Katja","image":{"@type":"ImageObject","inLanguage":"de","@id":"https:\/\/secure.gravatar.com\/avatar\/b1ac77cf619224437a070ec3316a8273c298565442444c0bbcb8bdb8751497b7?s=96&d=mm&r=g","url":"https:\/\/secure.gravatar.com\/avatar\/b1ac77cf619224437a070ec3316a8273c298565442444c0bbcb8bdb8751497b7?s=96&d=mm&r=g","contentUrl":"https:\/\/secure.gravatar.com\/avatar\/b1ac77cf619224437a070ec3316a8273c298565442444c0bbcb8bdb8751497b7?s=96&d=mm&r=g","caption":"Katja"},"url":"https:\/\/eventkit.ch\/?author=2"}]}},"_links":{"self":[{"href":"https:\/\/eventkit.ch\/index.php?rest_route=\/wp\/v2\/posts\/1663","targetHints":{"allow":["GET"]}}],"collection":[{"href":"https:\/\/eventkit.ch\/index.php?rest_route=\/wp\/v2\/posts"}],"about":[{"href":"https:\/\/eventkit.ch\/index.php?rest_route=\/wp\/v2\/types\/post"}],"author":[{"embeddable":true,"href":"https:\/\/eventkit.ch\/index.php?rest_route=\/wp\/v2\/users\/2"}],"replies":[{"embeddable":true,"href":"https:\/\/eventkit.ch\/index.php?rest_route=%2Fwp%2Fv2%2Fcomments&post=1663"}],"version-history":[{"count":13,"href":"https:\/\/eventkit.ch\/index.php?rest_route=\/wp\/v2\/posts\/1663\/revisions"}],"predecessor-version":[{"id":3690,"href":"https:\/\/eventkit.ch\/index.php?rest_route=\/wp\/v2\/posts\/1663\/revisions\/3690"}],"wp:featuredmedia":[{"embeddable":true,"href":"https:\/\/eventkit.ch\/index.php?rest_route=\/wp\/v2\/media\/3772"}],"wp:attachment":[{"href":"https:\/\/eventkit.ch\/index.php?rest_route=%2Fwp%2Fv2%2Fmedia&parent=1663"}],"wp:term":[{"taxonomy":"category","embeddable":true,"href":"https:\/\/eventkit.ch\/index.php?rest_route=%2Fwp%2Fv2%2Fcategories&post=1663"},{"taxonomy":"post_tag","embeddable":true,"href":"https:\/\/eventkit.ch\/index.php?rest_route=%2Fwp%2Fv2%2Ftags&post=1663"},{"taxonomy":"content_type","embeddable":true,"href":"https:\/\/eventkit.ch\/index.php?rest_route=%2Fwp%2Fv2%2Fcontent_type&post=1663"}],"curies":[{"name":"wp","href":"https:\/\/api.w.org\/{rel}","templated":true}]}}